{"id":13873,"date":"2022-09-19T18:45:15","date_gmt":"2022-09-19T16:45:15","guid":{"rendered":"http:\/\/www.ilmondodeitreni.it\/blog\/?p=13873"},"modified":"2022-09-19T22:09:04","modified_gmt":"2022-09-19T20:09:04","slug":"genova-metropolitana-programma-delle-attivita-di-manutenzione-serale-da-martedi-20-a-giovedi-22-settembre","status":"publish","type":"post","link":"https:\/\/www.ilmondodeitreni.it\/blog\/?p=13873","title":{"rendered":"Genova, Metropolitana: programma delle attivit\u00e0 di manutenzione serale da marted\u00ec 20 a gioved\u00ec 22 settembre"},"content":{"rendered":"<p style=\"text-align: justify;\"><a href=\"http:\/\/www.ilmondodeitreni.it\/blog\/wp-content\/uploads\/2021\/02\/nuovo_metro-200x150-1.jpg\"><img loading=\"lazy\" decoding=\"async\" class=\"alignleft size-thumbnail wp-image-12721\" src=\"http:\/\/www.ilmondodeitreni.it\/blog\/wp-content\/uploads\/2021\/02\/nuovo_metro-200x150-1-160x119.jpg\" alt=\"\" width=\"160\" height=\"119\" srcset=\"https:\/\/www.ilmondodeitreni.it\/blog\/wp-content\/uploads\/2021\/02\/nuovo_metro-200x150-1-160x119.jpg 160w, https:\/\/www.ilmondodeitreni.it\/blog\/wp-content\/uploads\/2021\/02\/nuovo_metro-200x150-1-150x112.jpg 150w, https:\/\/www.ilmondodeitreni.it\/blog\/wp-content\/uploads\/2021\/02\/nuovo_metro-200x150-1.jpg 300w\" sizes=\"auto, (max-width: 160px) 100vw, 160px\" \/><\/a>Prosegue il piano delle attivit\u00e0 di ammodernamento e manutenzione serale della metropolitana di Genova. Il programma dei lavori della prossima settimana prevede la manutenzione ordinaria dell\u2019armamento ferroviario e gli interventi sull\u2019armamento di Brin propedeutici ai lavori per il prolungamento della linea a Canepari. Per consentire l\u2019effettuazione dei lavori \u00e8 prevista la chiusura anticipata della metro nelle serate di\u00a0marted\u00ec 20, mercoled\u00ec 21 e gioved\u00ec 22 settembre. Le ultime partenze saranno\u00a0alle ore 21.10 da Brin per Brignole\u00a0e\u00a0alle ore 21.17 da Brignole per Brin. Il collegamento serale con la Valpolcevera \u00e8 garantito dalla linea 9 (Caricamento &#8211; Brin &#8211; Pontedecimo).<\/p>\n<p style=\"text-align: justify;\">Ricordiamo, comunica AMT,\u00a0 che la chiusura serale anticipata della metro consente di avere a disposizione le giuste tempistiche per l\u2019effettuazione dei lavori previsti e di svolgere in sicurezza, ovvero senza la circolazione dei treni, tutte le attivit\u00e0 programmate.<\/p>\n","protected":false},"excerpt":{"rendered":"<p>Prosegue il piano delle attivit\u00e0 di ammodernamento e manutenzione serale della metropolitana di Genova. Il programma dei lavori della prossima settimana prevede la manutenzione ordinaria dell\u2019armamento ferroviario e gli interventi sull\u2019armamento di Brin propedeutici ai lavori per il prolungamento della linea a Canepari. Per consentire l\u2019effettuazione dei lavori \u00e8 prevista la chiusura anticipata della metro nelle serate di\u00a0marted\u00ec 20, mercoled\u00ec 21 e gioved\u00ec 22 settembre. Le ultime partenze saranno\u00a0alle ore\u2026<\/p>\n<p class=\"continue-reading-button\"> <a class=\"continue-reading-link\" href=\"https:\/\/www.ilmondodeitreni.it\/blog\/?p=13873\">Continua la lettura<i class=\"crycon-right-dir\"><\/i><\/a><\/p>\n","protected":false},"author":13,"featured_media":0,"comment_status":"open","ping_status":"open","sticky":false,"template":"","format":"standard","meta":{"footnotes":""},"categories":[2],"tags":[124,41,42,29],"class_list":["post-13873","post","type-post","status-publish","format-standard","hentry","category-news","tag-amt","tag-genova","tag-metropolitana","tag-trasporti"],"_links":{"self":[{"href":"https:\/\/www.ilmondodeitreni.it\/blog\/index.php?rest_route=\/wp\/v2\/posts\/13873","targetHints":{"allow":["GET"]}}],"collection":[{"href":"https:\/\/www.ilmondodeitreni.it\/blog\/index.php?rest_route=\/wp\/v2\/posts"}],"about":[{"href":"https:\/\/www.ilmondodeitreni.it\/blog\/index.php?rest_route=\/wp\/v2\/types\/post"}],"author":[{"embeddable":true,"href":"https:\/\/www.ilmondodeitreni.it\/blog\/index.php?rest_route=\/wp\/v2\/users\/13"}],"replies":[{"embeddable":true,"href":"https:\/\/www.ilmondodeitreni.it\/blog\/index.php?rest_route=%2Fwp%2Fv2%2Fcomments&post=13873"}],"version-history":[{"count":1,"href":"https:\/\/www.ilmondodeitreni.it\/blog\/index.php?rest_route=\/wp\/v2\/posts\/13873\/revisions"}],"predecessor-version":[{"id":13874,"href":"https:\/\/www.ilmondodeitreni.it\/blog\/index.php?rest_route=\/wp\/v2\/posts\/13873\/revisions\/13874"}],"wp:attachment":[{"href":"https:\/\/www.ilmondodeitreni.it\/blog\/index.php?rest_route=%2Fwp%2Fv2%2Fmedia&parent=13873"}],"wp:term":[{"taxonomy":"category","embeddable":true,"href":"https:\/\/www.ilmondodeitreni.it\/blog\/index.php?rest_route=%2Fwp%2Fv2%2Fcategories&post=13873"},{"taxonomy":"post_tag","embeddable":true,"href":"https:\/\/www.ilmondodeitreni.it\/blog\/index.php?rest_route=%2Fwp%2Fv2%2Ftags&post=13873"}],"curies":[{"name":"wp","href":"https:\/\/api.w.org\/{rel}","templated":true}]}}