{"id":13740,"date":"2022-07-05T22:23:34","date_gmt":"2022-07-05T20:23:34","guid":{"rendered":"http:\/\/www.ilmondodeitreni.it\/blog\/?p=13740"},"modified":"2022-07-05T22:23:34","modified_gmt":"2022-07-05T20:23:34","slug":"gruppo-fs-italiane-e-tim-completata-la-copertura-4g-sullalta-velocita-milano-bologna","status":"publish","type":"post","link":"https:\/\/www.ilmondodeitreni.it\/blog\/?p=13740","title":{"rendered":"Gruppo FS Italiane e TIM: completata la copertura 4G sull&#8217;Alta Velocit\u00e0 Milano &#8211; Bologna"},"content":{"rendered":"<p style=\"text-align: justify;\"><a href=\"http:\/\/www.ilmondodeitreni.it\/blog\/wp-content\/uploads\/2014\/12\/frecciarossa_tiburtina.jpg\"><img loading=\"lazy\" decoding=\"async\" class=\"alignleft size-thumbnail wp-image-609\" src=\"http:\/\/www.ilmondodeitreni.it\/blog\/wp-content\/uploads\/2014\/12\/frecciarossa_tiburtina-150x150.jpg\" alt=\"\" width=\"150\" height=\"150\" \/><\/a>Il Gruppo FS Italiane e TIM hanno attivato il primo impianto di copertura radiomobile con tecnologia 4G nelle gallerie della tratta Alta Velocit\u00e0 Milano-Bologna, ottenendo cos\u00ec la copertura completa della tratta. La tecnologia 4G consente ai passeggeri di usufruire di una connessione stabile e di alta qualit\u00e0 anche nelle aree pi\u00f9 sfavorevoli come le gallerie ferroviarie, sia attraverso il servizio WiFi di bordo treno sia attraverso la copertura diretta di tutti gli Operatori TLC che hanno aderito al progetto: TIM come capofila, iliad, Vodafone e WINDTRE. I lavori di upgrade verso la tecnologia 4G saranno avviati nei prossimi mesi anche sulle tratte alta velocit\u00e0 tra Bologna e Firenze, per poi proseguire nel corso del 2023 da Torino a Milano, da Firenze fino a Napoli e da Bologna a Venezia. L\u2019obiettivo \u00e8 realizzare una connettivit\u00e0 voce e dati sempre pi\u00f9 affidabile sulle linee alta velocit\u00e0 ma anche sulle linee convenzionali, a partire dalle tratte a maggiore frequentazione, cos\u00ec da garantire un servizio di alta qualit\u00e0 ai passeggeri dei treni AV, Intercity e Regionali e alle imprese ferroviarie del trasporto merci. L\u2019attivazione degli impianti sulla AV Milano-Bologna rappresenta il primo tassello dell\u2019accordo siglato tra il Gruppo FS Italiane, tramite il gestore dell\u2019infrastruttura RFI, e TIM nel dicembre 2021. Nell\u2019ambito delle iniziative legate al\u00a0PNRR, inoltre, sono previsti studi di fattibilit\u00e0 relativi al possibile utilizzo di\u00a0tecnologie 5G.<\/p>\n","protected":false},"excerpt":{"rendered":"<p>Il Gruppo FS Italiane e TIM hanno attivato il primo impianto di copertura radiomobile con tecnologia 4G nelle gallerie della tratta Alta Velocit\u00e0 Milano-Bologna, ottenendo cos\u00ec la copertura completa della tratta. La tecnologia 4G consente ai passeggeri di usufruire di una connessione stabile e di alta qualit\u00e0 anche nelle aree pi\u00f9 sfavorevoli come le gallerie ferroviarie, sia attraverso il servizio WiFi di bordo treno sia attraverso la copertura diretta di\u2026<\/p>\n<p class=\"continue-reading-button\"> <a class=\"continue-reading-link\" href=\"https:\/\/www.ilmondodeitreni.it\/blog\/?p=13740\">Continua la lettura<i class=\"crycon-right-dir\"><\/i><\/a><\/p>\n","protected":false},"author":1,"featured_media":0,"comment_status":"open","ping_status":"open","sticky":false,"template":"","format":"standard","meta":{"footnotes":""},"categories":[2],"tags":[5439,179,5,1353,34,514,3088],"class_list":["post-13740","post","type-post","status-publish","format-standard","hentry","category-news","tag-4g","tag-alta-velocita","tag-ferrovie","tag-gruppo-fs-italiane","tag-rfi","tag-telefonia","tag-tim"],"_links":{"self":[{"href":"https:\/\/www.ilmondodeitreni.it\/blog\/index.php?rest_route=\/wp\/v2\/posts\/13740","targetHints":{"allow":["GET"]}}],"collection":[{"href":"https:\/\/www.ilmondodeitreni.it\/blog\/index.php?rest_route=\/wp\/v2\/posts"}],"about":[{"href":"https:\/\/www.ilmondodeitreni.it\/blog\/index.php?rest_route=\/wp\/v2\/types\/post"}],"author":[{"embeddable":true,"href":"https:\/\/www.ilmondodeitreni.it\/blog\/index.php?rest_route=\/wp\/v2\/users\/1"}],"replies":[{"embeddable":true,"href":"https:\/\/www.ilmondodeitreni.it\/blog\/index.php?rest_route=%2Fwp%2Fv2%2Fcomments&post=13740"}],"version-history":[{"count":1,"href":"https:\/\/www.ilmondodeitreni.it\/blog\/index.php?rest_route=\/wp\/v2\/posts\/13740\/revisions"}],"predecessor-version":[{"id":13741,"href":"https:\/\/www.ilmondodeitreni.it\/blog\/index.php?rest_route=\/wp\/v2\/posts\/13740\/revisions\/13741"}],"wp:attachment":[{"href":"https:\/\/www.ilmondodeitreni.it\/blog\/index.php?rest_route=%2Fwp%2Fv2%2Fmedia&parent=13740"}],"wp:term":[{"taxonomy":"category","embeddable":true,"href":"https:\/\/www.ilmondodeitreni.it\/blog\/index.php?rest_route=%2Fwp%2Fv2%2Fcategories&post=13740"},{"taxonomy":"post_tag","embeddable":true,"href":"https:\/\/www.ilmondodeitreni.it\/blog\/index.php?rest_route=%2Fwp%2Fv2%2Ftags&post=13740"}],"curies":[{"name":"wp","href":"https:\/\/api.w.org\/{rel}","templated":true}]}}