{"id":13733,"date":"2022-06-26T13:35:24","date_gmt":"2022-06-26T11:35:24","guid":{"rendered":"http:\/\/www.ilmondodeitreni.it\/blog\/?p=13733"},"modified":"2022-06-30T10:49:34","modified_gmt":"2022-06-30T08:49:34","slug":"metropolitana-di-genova-il-programma-delle-attivita-di-manutenzione-serale-da-martedi-28-a-giovedi-30-giugno","status":"publish","type":"post","link":"https:\/\/www.ilmondodeitreni.it\/blog\/?p=13733","title":{"rendered":"Metropolitana di Genova: il programma delle attivit\u00e0 di manutenzione serale da marted\u00ec 28 a gioved\u00ec 30 giugno"},"content":{"rendered":"<p style=\"text-align: justify;\"><a href=\"http:\/\/www.ilmondodeitreni.it\/blog\/wp-content\/uploads\/2021\/02\/nuovo_metro-200x150-1.jpg\"><img loading=\"lazy\" decoding=\"async\" class=\"alignleft size-thumbnail wp-image-12721\" src=\"http:\/\/www.ilmondodeitreni.it\/blog\/wp-content\/uploads\/2021\/02\/nuovo_metro-200x150-1-160x119.jpg\" alt=\"\" width=\"160\" height=\"119\" srcset=\"https:\/\/www.ilmondodeitreni.it\/blog\/wp-content\/uploads\/2021\/02\/nuovo_metro-200x150-1-160x119.jpg 160w, https:\/\/www.ilmondodeitreni.it\/blog\/wp-content\/uploads\/2021\/02\/nuovo_metro-200x150-1-150x112.jpg 150w, https:\/\/www.ilmondodeitreni.it\/blog\/wp-content\/uploads\/2021\/02\/nuovo_metro-200x150-1.jpg 300w\" sizes=\"auto, (max-width: 160px) 100vw, 160px\" \/><\/a>Prosegue il piano delle attivit\u00e0 di ammodernamento e manutenzione serale della metropolitana. Il programma dei lavori della prossima settimana prevede la prosecuzione delle attivit\u00e0 per la sostituzione in galleria delle lampade a neon con luci a led e la manutenzione dell\u2019armamento ferroviario. Per consentire l\u2019effettuazione dei lavori \u00e8 prevista la chiusura anticipata della metro nelle serate di\u00a0marted\u00ec 28, mercoled\u00ec 29 e gioved\u00ec 30 giugno. Le ultime partenze saranno alle\u00a0ore 21.10 da Brin\u00a0per Brignole e alle\u00a0ore 21.17 da Brignole\u00a0per Brin. Il collegamento serale con la Valpolcevera \u00e8 garantito dalla linea 9 (Caricamento &#8211; Brin &#8211; Pontedecimo).<\/p>\n<p style=\"text-align: justify;\">AMT ricorda che la chiusura serale anticipata della metro consente di avere a disposizione le giuste tempistiche per l\u2019effettuazione dei lavori previsti e di svolgere in sicurezza, ovvero senza la circolazione dei treni, tutte le attivit\u00e0 programmate.<\/p>\n","protected":false},"excerpt":{"rendered":"<p>Prosegue il piano delle attivit\u00e0 di ammodernamento e manutenzione serale della metropolitana. Il programma dei lavori della prossima settimana prevede la prosecuzione delle attivit\u00e0 per la sostituzione in galleria delle lampade a neon con luci a led e la manutenzione dell\u2019armamento ferroviario. Per consentire l\u2019effettuazione dei lavori \u00e8 prevista la chiusura anticipata della metro nelle serate di\u00a0marted\u00ec 28, mercoled\u00ec 29 e gioved\u00ec 30 giugno. Le ultime partenze saranno alle\u00a0ore 21.10\u2026<\/p>\n<p class=\"continue-reading-button\"> <a class=\"continue-reading-link\" href=\"https:\/\/www.ilmondodeitreni.it\/blog\/?p=13733\">Continua la lettura<i class=\"crycon-right-dir\"><\/i><\/a><\/p>\n","protected":false},"author":13,"featured_media":0,"comment_status":"open","ping_status":"open","sticky":false,"template":"","format":"standard","meta":{"footnotes":""},"categories":[2],"tags":[124,41,1222,42,6330],"class_list":["post-13733","post","type-post","status-publish","format-standard","hentry","category-news","tag-amt","tag-genova","tag-lavori","tag-metropolitana","tag-valpolcevera"],"_links":{"self":[{"href":"https:\/\/www.ilmondodeitreni.it\/blog\/index.php?rest_route=\/wp\/v2\/posts\/13733","targetHints":{"allow":["GET"]}}],"collection":[{"href":"https:\/\/www.ilmondodeitreni.it\/blog\/index.php?rest_route=\/wp\/v2\/posts"}],"about":[{"href":"https:\/\/www.ilmondodeitreni.it\/blog\/index.php?rest_route=\/wp\/v2\/types\/post"}],"author":[{"embeddable":true,"href":"https:\/\/www.ilmondodeitreni.it\/blog\/index.php?rest_route=\/wp\/v2\/users\/13"}],"replies":[{"embeddable":true,"href":"https:\/\/www.ilmondodeitreni.it\/blog\/index.php?rest_route=%2Fwp%2Fv2%2Fcomments&post=13733"}],"version-history":[{"count":1,"href":"https:\/\/www.ilmondodeitreni.it\/blog\/index.php?rest_route=\/wp\/v2\/posts\/13733\/revisions"}],"predecessor-version":[{"id":13734,"href":"https:\/\/www.ilmondodeitreni.it\/blog\/index.php?rest_route=\/wp\/v2\/posts\/13733\/revisions\/13734"}],"wp:attachment":[{"href":"https:\/\/www.ilmondodeitreni.it\/blog\/index.php?rest_route=%2Fwp%2Fv2%2Fmedia&parent=13733"}],"wp:term":[{"taxonomy":"category","embeddable":true,"href":"https:\/\/www.ilmondodeitreni.it\/blog\/index.php?rest_route=%2Fwp%2Fv2%2Fcategories&post=13733"},{"taxonomy":"post_tag","embeddable":true,"href":"https:\/\/www.ilmondodeitreni.it\/blog\/index.php?rest_route=%2Fwp%2Fv2%2Ftags&post=13733"}],"curies":[{"name":"wp","href":"https:\/\/api.w.org\/{rel}","templated":true}]}}