{"id":13728,"date":"2022-06-28T18:30:36","date_gmt":"2022-06-28T16:30:36","guid":{"rendered":"http:\/\/www.ilmondodeitreni.it\/blog\/?p=13728"},"modified":"2022-06-30T10:40:55","modified_gmt":"2022-06-30T08:40:55","slug":"rfi-al-lavoro-nei-mesi-estivi-per-uninfrastruttura-piu-efficiente-previste-modifiche-alla-circolazione-dei-treni","status":"publish","type":"post","link":"https:\/\/www.ilmondodeitreni.it\/blog\/?p=13728","title":{"rendered":"RFI al lavoro nei mesi estivi per un&#8217;infrastruttura pi\u00f9 efficiente Previste modifiche alla circolazione dei treni"},"content":{"rendered":"<p style=\"text-align: justify;\"><a href=\"http:\/\/www.ilmondodeitreni.it\/blog\/wp-content\/uploads\/2021\/08\/Terzo_binario.jpg\"><img loading=\"lazy\" decoding=\"async\" class=\"alignleft size-thumbnail wp-image-13222\" src=\"http:\/\/www.ilmondodeitreni.it\/blog\/wp-content\/uploads\/2021\/08\/Terzo_binario-160x110.jpg\" alt=\"\" width=\"160\" height=\"110\" srcset=\"https:\/\/www.ilmondodeitreni.it\/blog\/wp-content\/uploads\/2021\/08\/Terzo_binario-160x110.jpg 160w, https:\/\/www.ilmondodeitreni.it\/blog\/wp-content\/uploads\/2021\/08\/Terzo_binario-640x438.jpg 640w, https:\/\/www.ilmondodeitreni.it\/blog\/wp-content\/uploads\/2021\/08\/Terzo_binario-1024x701.jpg 1024w, https:\/\/www.ilmondodeitreni.it\/blog\/wp-content\/uploads\/2021\/08\/Terzo_binario-768x526.jpg 768w, https:\/\/www.ilmondodeitreni.it\/blog\/wp-content\/uploads\/2021\/08\/Terzo_binario-150x103.jpg 150w, https:\/\/www.ilmondodeitreni.it\/blog\/wp-content\/uploads\/2021\/08\/Terzo_binario.jpg 1122w\" sizes=\"auto, (max-width: 160px) 100vw, 160px\" \/><\/a>Anche nei mesi estivi Rete Ferroviaria Italiana \u00e8 impegnata in lavori di potenziamento infrastrutturale e di manutenzione per continuare a garantire i massimi livelli di sicurezza ed efficienza e gli alti standard prestazionali delle linee. Per consentire le attivit\u00e0 di cantiere, in un periodo che vede una fisiologica riduzione della domanda di mobilit\u00e0 per studio e lavoro, il programma di circolazione dei treni sar\u00e0 modificato. Poich\u00e9 le attivit\u00e0 dei cantieri, bench\u00e9 programmate su giornate e fasce orarie studiate per minimizzare i disagi ai passeggeri, incidono sulla circolazione dei treni, sia Regionali, sia a media e lunga percorrenza e ad Alta Velocit\u00e0,\u00a0 i sistemi di vendita di Trenitalia sono gi\u00e0 aggiornati con le modifiche previste, cos\u00ec come tutti i canali di informazione del Gruppo FS Italiane, di Trenitalia e di RFI. Di seguito il dettaglio delle principali interruzioni previste fino a settembre:<\/p>\n<p style=\"text-align: justify;\">LUGLIO<\/p>\n<ul style=\"text-align: justify;\">\n<li>\u00a0TARVISIO \u2013 UDINE\u00a0 &#8211; Valico di Tarvisio:\u00a0 Interruzione di linea Carnia \u2013 Pontebba di 30 giorni dal 1\u00b0 luglio al 31 luglio 2022 per interventi di manutenzione. Treni EN soppressi o deviati via Brennero Treni regionali soppressi nel tratto interrotto e limitati nelle localit\u00e0 limitrofe di Udine o Carnia e sostituiti con bus da e per Tarvisio. \u00a0Nei fine settimana sui bus sar\u00e0 garantito il trasporto biciclette dell\u2019Alpe Adria Line.\u00a0 Treni merci deviati via Brennero e parte via Villa Opicina<\/li>\n<li>\u00a0SESTO S. GIOVANNI -MONZA : interruzione della linea \u00abLecco\u00bb dal 03 al 30<br \/>\nluglio e 28 giorni di interruzione della linea \u00abChiasso\u00bb dal 31 luglio al 28 agosto<br \/>\nper interventi di manutenzione.<br \/>\nTreni LP: regolari, con puntuali modifiche d\u2019orario in tratta per alcuni EC. Treni REG: Treni S9 limitati a Milano Lambrate\/ Seregno e puntuali soppressioni.<\/li>\n<li>\u00a0VIAREGGIO \u2013 LUCCA \u2013 PISTOIA Interruzione di linea Tratta Pistoia-Pescia 16 luglio \u00f7 28 agosto 2022 per potenziamento infrastrutturale (raddoppio linea e PRG Montecatini).<br \/>\nProvvedimenti: Per treni Regionali (attestamento a Pescia e Pistoia e auto sostituzione)<\/li>\n<li>NOVARA \u2013 DOMODOSSOLA di linea di 45 gg per lavori di rinnovo e<br \/>\nrisanamento tra Domodossola e Premosello via Villadossola dal 17 luglio al 28<br \/>\nagosto. Treni merci deviati via Passante svizzero con rimodulazione tracce<\/li>\n<li>\u00a0FL6 ROMA \u2013 CASSINO\/CASERTA dal 2 al 3 luglio e dal 17 al 18 settembre \u00e8<br \/>\nprevista l\u2019interruzione della circolazione per lavori di manutenzione e<br \/>\npotenziamento della linea. Sono previste cancellazioni, deviazioni e limitazioni alla circolazione dei treni regionali. I treni Intercity saranno deviati via Formia. Il traffico regionale sar\u00e0 attestato a Cassino e Sparanise<\/li>\n<li>CIAMPINO-VELLETRI\/FRASCATI\/ALBANO Interruzioni linee 22 luglio \u00f7 4 settembre 2022 per potenziamento infrastrutturale. Provvedimenti per treni Regionali<\/li>\n<li>\u00a0Lavori Nodo di Genova alla Galleria Megli tra Genova Nervi e Recco, dal 25 luglio al 4 settembre per interventi di manutenzione.: circolazione a binario unico con conseguente allungamenti di 10\u2019-15\u2019 dei treni IC e FB diurni diretti a Genova\/Milano e deviazione degli IC notturni. Traffico regionale ridotto di circa il 30%<\/li>\n<li>FIRENZE \u2013 ROMA LL\/DD Interruzione di 35 giorni dell\u2019interconnessione pari di Orte Sud dal 25 luglio al 28 agosto per interventi di manutenzione straordinaria. Coinvolti treni IC e REG. \u00a0Durante il periodo dell\u2019indisponibilit\u00e0 il treno Frecciarossa 9508 Roma \u2013 Milano non effettuer\u00e0 la fermata nella stazione di Orte mentre effettuer\u00e0 regolarmente servizio ad Orte il treno 9563.<\/li>\n<li>Lavori Sicilia da giugno a settembre con cancellazione Frecciabianca; Treni Frecciabianca Palermo \u2013 Catania cancellati intera tratta. Treni regionali attestati a Caltanissetta Xirbi ed autosostituiti.<\/li>\n<li>Lavori BATTIPAGLIA \u2013 POTENZA \u2013 TARANTO dall\u201911 giugno all\u20198 agosto; Frecce e IC limitati a Battipaglia ed autosostituiti. Treni regionali attestati ad Eboli e Potenza ed autosostituiti<\/li>\n<li>BARLETTA -SPINAZZOLA Interruzione di linea 12 giugno \u00f7 24 settembre 2022 Treni regionali soppressi e sostituiti con bus dal 11 giugno al 9 luglio e dal 16 agosto al 24 settembre.<\/li>\n<li>LUCCA -AULLA Interruzione di linea Tratta Castelnuovo di Garfagnana-Aulla Lunigiana 12 giugno \u00f7 31 agosto 2022 Provvedimenti: Per treni Regionali (Fornaci di B. treni attestati e BUS)<\/li>\n<li>ROCCASECCA \u2013 AVEZZANO Interruzione linea 12 giugno \u00f7 11 settembre 2022. Provvedimenti per treni Regionali<\/li>\n<\/ul>\n<p style=\"text-align: justify;\">AGOSTO<\/p>\n<ul>\n<li style=\"text-align: justify;\">Lavori galleria Firenze dall\u20198 al 26 agosto con allungamento dei tempi e cancellazione dei Fast; soppressione di circa il 20% dell\u2019offerta complessiva Mercato. Tutti i treni Fast dovranno effettuare inversione marcia a Santa Maria Novella con allungamenti di percorrenza di 10\u2019-15\u2019. Treni IC deviati via tirrenica o modificati di orario. Traffico regionale ridotto di circa il 40% &#8211; manutenzione straordinaria<\/li>\n<li style=\"text-align: justify;\">Lavori MILANO \u2013 BOLOGNA AV con allungamento dei tempi; dall\u20198 al 18 agosto i treni AV viaggeranno sulla linea storica o deviati via Verona con allungamenti di percorrenza tra 45\u2019 e 60\u2019. Dal 19 al 26 agosto rimarranno<br \/>\nrallentamenti post lavori che comporteranno allungamenti tra 15\u2019 e 20\u2019.<\/li>\n<li style=\"text-align: justify;\">Lavori di potenziamento infrastrutturale della linea CASSINO \u2013 NAPOLI nel periodo 8-28 agosto. Per questo sono soppresse le fermate dei treni AV, mentre gli Intercity saranno deviati via Formia. Il traffico regionale sar\u00e0 attestato a Cassino e Sparanise.<\/li>\n<li style=\"text-align: justify;\">Lavori di manutenzione straordinaria sulla PORRETTA TERME- PISTOIA comporter\u00e0 l\u2019interruzione della tratta Porretta T.-Sasso Marconi dal 12 al 21 agosto.<\/li>\n<li style=\"text-align: justify;\">FIDENZA \u2013SALSOMAGGIORE: sono previsti lavori di manutenzione straordinaria sulla tratta Fidenza-Salsomaggiore Terme dal 14 al 21 agosto 2022<\/li>\n<li style=\"text-align: justify;\">NAPOLI S. G. B. \u2013 TORRE ANNUNZIATA: interruzione di linea dal 28 agosto al 30 ottobre, i treni regionali soppressi nel tratto interrotto e limitati nelle localit\u00e0 limitrofe o deviati via Linea Monte del Vesuvio &#8211; manutenzione straordinaria<\/li>\n<li style=\"text-align: justify;\">\u00a0MILANO &#8211; DOMODOSSOLA lavori lungo la tratta Sesto C. -Arona dal 29 agosto al 18 settembre, i treni a lunga percorrenza in arrivo da Nord saranno limitati a Domodossola, i regionali da Sud saranno attestati a Sesto Calende e quelli da Nord patiranno da Arona<\/li>\n<\/ul>\n","protected":false},"excerpt":{"rendered":"<p>Anche nei mesi estivi Rete Ferroviaria Italiana \u00e8 impegnata in lavori di potenziamento infrastrutturale e di manutenzione per continuare a garantire i massimi livelli di sicurezza ed efficienza e gli alti standard prestazionali delle linee. Per consentire le attivit\u00e0 di cantiere, in un periodo che vede una fisiologica riduzione della domanda di mobilit\u00e0 per studio e lavoro, il programma di circolazione dei treni sar\u00e0 modificato. Poich\u00e9 le attivit\u00e0 dei cantieri,\u2026<\/p>\n<p class=\"continue-reading-button\"> <a class=\"continue-reading-link\" href=\"https:\/\/www.ilmondodeitreni.it\/blog\/?p=13728\">Continua la lettura<i class=\"crycon-right-dir\"><\/i><\/a><\/p>\n","protected":false},"author":1,"featured_media":0,"comment_status":"open","ping_status":"open","sticky":false,"template":"","format":"standard","meta":{"footnotes":""},"categories":[2],"tags":[16,5,1222,59,758,34,15,9,224,5767,9553,23],"class_list":["post-13728","post","type-post","status-publish","format-standard","hentry","category-news","tag-avezzano","tag-ferrovie","tag-lavori","tag-milano","tag-potenza","tag-rfi","tag-roccasecca","tag-roma","tag-sicilia","tag-spinazzola","tag-tarvisio-genova","tag-trenitalia"],"_links":{"self":[{"href":"https:\/\/www.ilmondodeitreni.it\/blog\/index.php?rest_route=\/wp\/v2\/posts\/13728","targetHints":{"allow":["GET"]}}],"collection":[{"href":"https:\/\/www.ilmondodeitreni.it\/blog\/index.php?rest_route=\/wp\/v2\/posts"}],"about":[{"href":"https:\/\/www.ilmondodeitreni.it\/blog\/index.php?rest_route=\/wp\/v2\/types\/post"}],"author":[{"embeddable":true,"href":"https:\/\/www.ilmondodeitreni.it\/blog\/index.php?rest_route=\/wp\/v2\/users\/1"}],"replies":[{"embeddable":true,"href":"https:\/\/www.ilmondodeitreni.it\/blog\/index.php?rest_route=%2Fwp%2Fv2%2Fcomments&post=13728"}],"version-history":[{"count":1,"href":"https:\/\/www.ilmondodeitreni.it\/blog\/index.php?rest_route=\/wp\/v2\/posts\/13728\/revisions"}],"predecessor-version":[{"id":13729,"href":"https:\/\/www.ilmondodeitreni.it\/blog\/index.php?rest_route=\/wp\/v2\/posts\/13728\/revisions\/13729"}],"wp:attachment":[{"href":"https:\/\/www.ilmondodeitreni.it\/blog\/index.php?rest_route=%2Fwp%2Fv2%2Fmedia&parent=13728"}],"wp:term":[{"taxonomy":"category","embeddable":true,"href":"https:\/\/www.ilmondodeitreni.it\/blog\/index.php?rest_route=%2Fwp%2Fv2%2Fcategories&post=13728"},{"taxonomy":"post_tag","embeddable":true,"href":"https:\/\/www.ilmondodeitreni.it\/blog\/index.php?rest_route=%2Fwp%2Fv2%2Ftags&post=13728"}],"curies":[{"name":"wp","href":"https:\/\/api.w.org\/{rel}","templated":true}]}}