{"id":1370,"date":"2015-02-13T09:14:23","date_gmt":"2015-02-13T08:14:23","guid":{"rendered":"http:\/\/www.ilmondodeitreni.it\/blog\/?p=1370"},"modified":"2015-02-13T09:14:23","modified_gmt":"2015-02-13T08:14:23","slug":"roma-sud-da-lunedi-novita-per-4-linee-bus","status":"publish","type":"post","link":"https:\/\/www.ilmondodeitreni.it\/blog\/?p=1370","title":{"rendered":"Roma sud, da luned\u00ec novit\u00e0 per 4 linee bus"},"content":{"rendered":"<p style=\"text-align: justify;\"><a href=\"http:\/\/www.ilmondodeitreni.it\/blog\/wp-content\/uploads\/2015\/02\/9660_077vialeamerica.jpg\"><img loading=\"lazy\" decoding=\"async\" class=\"alignleft size-thumbnail wp-image-1371\" src=\"http:\/\/www.ilmondodeitreni.it\/blog\/wp-content\/uploads\/2015\/02\/9660_077vialeamerica-160x120.jpg\" alt=\"9660_077vialeamerica\" width=\"160\" height=\"120\" srcset=\"https:\/\/www.ilmondodeitreni.it\/blog\/wp-content\/uploads\/2015\/02\/9660_077vialeamerica-160x120.jpg 160w, https:\/\/www.ilmondodeitreni.it\/blog\/wp-content\/uploads\/2015\/02\/9660_077vialeamerica.jpg 640w, https:\/\/www.ilmondodeitreni.it\/blog\/wp-content\/uploads\/2015\/02\/9660_077vialeamerica-200x150.jpg 200w, https:\/\/www.ilmondodeitreni.it\/blog\/wp-content\/uploads\/2015\/02\/9660_077vialeamerica-150x113.jpg 150w\" sizes=\"auto, (max-width: 160px) 100vw, 160px\" \/><\/a>Da luned\u00ec prossimo, 16 febbraio, scatta una nuova fase del piano di revisione della rete di bus della citt\u00e0 di Roma. Interessate in questo caso saranno le zone di Trigoria e Roma 70, con le linee 077, 707, 722 e 767. Per la 707 saranno attivate delle corse prolungate a piazzale Dino Viola, cambieranno inoltre i percorsi dei collegamenti 722, che sar\u00e0 prolungato a via Giuffr\u00e8, e della 767, che abbandoner\u00e0 il tratto via di Grotta Perfetta-via Calderon de la Barca-viale Londra, mentre la 077 sar\u00e0 soppressa.<\/p>\n<p>Queste le modifiche nel dettaglio.<\/p>\n<p>ZONA TRIGORIA<\/p>\n<p><strong> LINEA 707 AGRICOLTURA &#8211; VALGRISI<\/strong><br \/>\nDal 16 febbraio, la linea 707 continuer\u00e0 a garantire il collegamento tra le zone Trigoria ed Eur e, in sostituzione della linea 077 che non sar\u00e0 pi\u00f9 attiva, aggiunger\u00e0 al percorso originario il tratto fino a piazzale Dino Viola con delle corse prolungate.<br \/>\nLa 707P (prolungata), raggiunto il capolinea di piazza Valgrisi proseguir\u00e0 la corsa ritornando su via Talamini, per instradarsi poi su via di Trigoria in direzione di piazzale Dino Viola, da dove riprender\u00e0 il percorso inverso per tornare e attestarsi al capolinea Valgrisi.<br \/>\nIl servizio delle linee 707 e 707P sar\u00e0, inoltre, esteso ai giorni festivi. Di conseguenza, la linea 707F verr\u00e0 disattivata e sostituita dalla 707P fino a piazzale Dino Viola e dalla 722 nel collegamento con il Campus Biomedico.<\/p>\n<p><strong> LINEA 722 STAZIONE LAURENTINA MB &#8211; GIUFFRE\u2019<\/strong><br \/>\nIl percorso tradizionale, che offre il collegamento diretto tra la zona Trigoria e la stazione metro B Laurentina, verr\u00e0 prolungato fino al nuovo capolinea di via Giuffr\u00e8 per potenziare la funzione di raccolta dell\u2019utenza di Trigoria.<br \/>\nDal precedente capolinea di via D\u2019Arpe la linea proseguir\u00e0, quindi, per immettersi su via di Trigoria in direzione nord e poi svoltare a sinistra in via Giuffr\u00e8, dove sar\u00e0 attestato il nuovo capolinea.<\/p>\n<p>ZONA ROMA 70<\/p>\n<p><strong> LINEA 767 AGRICOLTURA &#8211; ROMA 70 &#8211; AGRICOLTURA<\/strong><br \/>\nPer rendere pi\u00f9 diretto e rapido il collegamento tra Eur e Roma 70, la linea 767 diventer\u00e0 una circolare con capolinea unico a piazzale dell\u2019Agricoltura e abbandoner\u00e0 il tratto via di Grotta Perfetta-via Calderon de la Barca-viale Londra, gi\u00e0 servito dal percorso della linea 764 (piazzale Agricoltura- viale Londra).<\/p>\n<p>Il tracciato della linea 767 rester\u00e0 invariato fino a via Tazio Nuvolari, proseguendo quindi su via Nuvolari, via Bianchini e via del Tintoretto in direzione del capolinea.<br \/>\nLe corse deviate scolastiche della 767DS saranno disattivate perch\u00e9 poco utilizzate.<\/p>\n","protected":false},"excerpt":{"rendered":"<p>Da luned\u00ec prossimo, 16 febbraio, scatta una nuova fase del piano di revisione della rete di bus della citt\u00e0 di Roma. Interessate in questo caso saranno le zone di Trigoria e Roma 70, con le linee 077, 707, 722 e 767. Per la 707 saranno attivate delle corse prolungate a piazzale Dino Viola, cambieranno inoltre i percorsi dei collegamenti 722, che sar\u00e0 prolungato a via Giuffr\u00e8, e della 767, che\u2026<\/p>\n<p class=\"continue-reading-button\"> <a class=\"continue-reading-link\" href=\"https:\/\/www.ilmondodeitreni.it\/blog\/?p=1370\">Continua la lettura<i class=\"crycon-right-dir\"><\/i><\/a><\/p>\n","protected":false},"author":3,"featured_media":0,"comment_status":"open","ping_status":"open","sticky":false,"template":"","format":"standard","meta":{"footnotes":""},"categories":[6],"tags":[7,999,69,9,998,29,997],"class_list":["post-1370","post","type-post","status-publish","format-standard","hentry","category-autobus-di-roma","tag-atac","tag-eur","tag-mobilita","tag-roma","tag-roma-70","tag-trasporti","tag-trigoria"],"_links":{"self":[{"href":"https:\/\/www.ilmondodeitreni.it\/blog\/index.php?rest_route=\/wp\/v2\/posts\/1370","targetHints":{"allow":["GET"]}}],"collection":[{"href":"https:\/\/www.ilmondodeitreni.it\/blog\/index.php?rest_route=\/wp\/v2\/posts"}],"about":[{"href":"https:\/\/www.ilmondodeitreni.it\/blog\/index.php?rest_route=\/wp\/v2\/types\/post"}],"author":[{"embeddable":true,"href":"https:\/\/www.ilmondodeitreni.it\/blog\/index.php?rest_route=\/wp\/v2\/users\/3"}],"replies":[{"embeddable":true,"href":"https:\/\/www.ilmondodeitreni.it\/blog\/index.php?rest_route=%2Fwp%2Fv2%2Fcomments&post=1370"}],"version-history":[{"count":1,"href":"https:\/\/www.ilmondodeitreni.it\/blog\/index.php?rest_route=\/wp\/v2\/posts\/1370\/revisions"}],"predecessor-version":[{"id":1372,"href":"https:\/\/www.ilmondodeitreni.it\/blog\/index.php?rest_route=\/wp\/v2\/posts\/1370\/revisions\/1372"}],"wp:attachment":[{"href":"https:\/\/www.ilmondodeitreni.it\/blog\/index.php?rest_route=%2Fwp%2Fv2%2Fmedia&parent=1370"}],"wp:term":[{"taxonomy":"category","embeddable":true,"href":"https:\/\/www.ilmondodeitreni.it\/blog\/index.php?rest_route=%2Fwp%2Fv2%2Fcategories&post=1370"},{"taxonomy":"post_tag","embeddable":true,"href":"https:\/\/www.ilmondodeitreni.it\/blog\/index.php?rest_route=%2Fwp%2Fv2%2Ftags&post=1370"}],"curies":[{"name":"wp","href":"https:\/\/api.w.org\/{rel}","templated":true}]}}