{"id":13559,"date":"2022-02-14T18:45:41","date_gmt":"2022-02-14T17:45:41","guid":{"rendered":"http:\/\/www.ilmondodeitreni.it\/blog\/?p=13559"},"modified":"2022-02-14T20:16:21","modified_gmt":"2022-02-14T19:16:21","slug":"anm-e-comune-di-avellino-insieme-per-la-nuova-linea-filoviaria","status":"publish","type":"post","link":"https:\/\/www.ilmondodeitreni.it\/blog\/?p=13559","title":{"rendered":"ANM e Comune di Avellino insieme per la nuova linea filoviaria"},"content":{"rendered":"<p style=\"text-align: justify;\"><a href=\"http:\/\/www.ilmondodeitreni.it\/blog\/wp-content\/uploads\/2019\/08\/LP303_1piazzalesantanna.jpg\"><img loading=\"lazy\" decoding=\"async\" class=\"alignleft size-thumbnail wp-image-9650\" src=\"http:\/\/www.ilmondodeitreni.it\/blog\/wp-content\/uploads\/2019\/08\/LP303_1piazzalesantanna-160x107.jpg\" alt=\"\" width=\"160\" height=\"107\" srcset=\"https:\/\/www.ilmondodeitreni.it\/blog\/wp-content\/uploads\/2019\/08\/LP303_1piazzalesantanna-160x107.jpg 160w, https:\/\/www.ilmondodeitreni.it\/blog\/wp-content\/uploads\/2019\/08\/LP303_1piazzalesantanna.jpg 640w, https:\/\/www.ilmondodeitreni.it\/blog\/wp-content\/uploads\/2019\/08\/LP303_1piazzalesantanna-225x150.jpg 225w, https:\/\/www.ilmondodeitreni.it\/blog\/wp-content\/uploads\/2019\/08\/LP303_1piazzalesantanna-150x100.jpg 150w\" sizes=\"auto, (max-width: 160px) 100vw, 160px\" \/><\/a>Grazie alla collaborazione tra ANM e il Comune di Avellino a breve sar\u00e0 possibile attivare la nuova linea filoviaria del Comune di Avellino. Con la sottoscrizione di una apposita convenzione di collaborazione, il Comune di Avellino ha inteso avvalersi per le attivit\u00e0 specialistiche necessarie alla messa in esercizio della propria linea filoviaria di ANM, azienda dei trasporti del Comune di Napoli che gi\u00e0 gestisce 60 km di rete filoviaria in ambito urbano ed extraurbano.<br \/>\nIn tale ambito ANM fornir\u00e0 le professionalit\u00e0 specifiche per consentire al Comune di Avellino di ottenere le autorizzazioni necessarie ad effettuare l&#8217;esercizio filoviario nella citt\u00e0 di Avellino.<\/p>\n<p style=\"text-align: justify;\">Le caratteristiche tecniche peculiari dell&#8217;opera sono costituite da: N\u00b0 3 sottostazioni elettriche, che garantiscono l&#8217;alimentazione elettrica.<\/p>\n<p style=\"text-align: justify;\">&#8220;Stiamo portando a termine i lavori per attivare la metropolitana leggera a servizio della citt\u00e0. &#8211; ha dichiarato Gianluca Festa, Sindaco di Avellino &#8211; Tra pochi mesi attiveremo un servizio di trasporto pubblico urbano con mezzi a zero impatto ambientale per una mobilit\u00e0 urbana sempre pi\u00f9 sostenibile&#8221;.<\/p>\n<p style=\"text-align: justify;\">&#8220;Con la recente attivazione della linea R4 nella zona collinare di Napoli &#8211; ha dichiarato Nicola Pascale, Amministratore Unico di ANM &#8211; abbiamo oggi una rete filoviaria tra le importanti in Italia. L&#8217;azienda ha fatto emergere al proprio interno adeguate professionalit\u00e0 che siamo ben felici di poter mettere a disposizione anche di altri territori&#8221;.<\/p>\n<p style=\"text-align: justify;\">&#8220;Collaborazioni istituzionali e sinergie con altri Comuni e con la Regione. Questo \u00e8 il modello dialogante che la Giunta Manfredi sta mettendo sistematicamente in campo. &#8211; ha dichiarato Edoardo Cosenza, Assessore alle Infrastrutture, Mobilit\u00e0 e Protezione civile del Comune di Napoli &#8211; I risultati saranno tanti e l&#8217;accordo fra ANM e Comune di Avellino \u00e8 un passaggio importante nel settore della mobilit\u00e0 sostenibile, che incide tanto nella qualit\u00e0 vita dei cittadini&#8221;.<\/p>\n","protected":false},"excerpt":{"rendered":"<p>Grazie alla collaborazione tra ANM e il Comune di Avellino a breve sar\u00e0 possibile attivare la nuova linea filoviaria del Comune di Avellino. Con la sottoscrizione di una apposita convenzione di collaborazione, il Comune di Avellino ha inteso avvalersi per le attivit\u00e0 specialistiche necessarie alla messa in esercizio della propria linea filoviaria di ANM, azienda dei trasporti del Comune di Napoli che gi\u00e0 gestisce 60 km di rete filoviaria in\u2026<\/p>\n<p class=\"continue-reading-button\"> <a class=\"continue-reading-link\" href=\"https:\/\/www.ilmondodeitreni.it\/blog\/?p=13559\">Continua la lettura<i class=\"crycon-right-dir\"><\/i><\/a><\/p>\n","protected":false},"author":1,"featured_media":0,"comment_status":"open","ping_status":"open","sticky":false,"template":"","format":"standard","meta":{"footnotes":""},"categories":[2],"tags":[135,3247,531,9364,147,9395,69,6561],"class_list":["post-13559","post","type-post","status-publish","format-standard","hentry","category-news","tag-anm","tag-avellino","tag-campania","tag-edoardo-cosenza","tag-filobus","tag-gianluca-festa","tag-mobilita","tag-nicola-pascale"],"_links":{"self":[{"href":"https:\/\/www.ilmondodeitreni.it\/blog\/index.php?rest_route=\/wp\/v2\/posts\/13559","targetHints":{"allow":["GET"]}}],"collection":[{"href":"https:\/\/www.ilmondodeitreni.it\/blog\/index.php?rest_route=\/wp\/v2\/posts"}],"about":[{"href":"https:\/\/www.ilmondodeitreni.it\/blog\/index.php?rest_route=\/wp\/v2\/types\/post"}],"author":[{"embeddable":true,"href":"https:\/\/www.ilmondodeitreni.it\/blog\/index.php?rest_route=\/wp\/v2\/users\/1"}],"replies":[{"embeddable":true,"href":"https:\/\/www.ilmondodeitreni.it\/blog\/index.php?rest_route=%2Fwp%2Fv2%2Fcomments&post=13559"}],"version-history":[{"count":1,"href":"https:\/\/www.ilmondodeitreni.it\/blog\/index.php?rest_route=\/wp\/v2\/posts\/13559\/revisions"}],"predecessor-version":[{"id":13560,"href":"https:\/\/www.ilmondodeitreni.it\/blog\/index.php?rest_route=\/wp\/v2\/posts\/13559\/revisions\/13560"}],"wp:attachment":[{"href":"https:\/\/www.ilmondodeitreni.it\/blog\/index.php?rest_route=%2Fwp%2Fv2%2Fmedia&parent=13559"}],"wp:term":[{"taxonomy":"category","embeddable":true,"href":"https:\/\/www.ilmondodeitreni.it\/blog\/index.php?rest_route=%2Fwp%2Fv2%2Fcategories&post=13559"},{"taxonomy":"post_tag","embeddable":true,"href":"https:\/\/www.ilmondodeitreni.it\/blog\/index.php?rest_route=%2Fwp%2Fv2%2Ftags&post=13559"}],"curies":[{"name":"wp","href":"https:\/\/api.w.org\/{rel}","templated":true}]}}