{"id":13552,"date":"2022-02-10T14:37:10","date_gmt":"2022-02-10T13:37:10","guid":{"rendered":"http:\/\/www.ilmondodeitreni.it\/blog\/?p=13552"},"modified":"2022-02-10T14:37:10","modified_gmt":"2022-02-10T13:37:10","slug":"ffs-cargo-e-la-posta-svizzera-prolungano-la-loro-collaborazione","status":"publish","type":"post","link":"https:\/\/www.ilmondodeitreni.it\/blog\/?p=13552","title":{"rendered":"FFS Cargo e la Posta svizzera prolungano la loro collaborazione"},"content":{"rendered":"<p style=\"text-align: justify;\"><a href=\"http:\/\/www.ilmondodeitreni.it\/blog\/wp-content\/uploads\/2014\/11\/ffs_img.jpg\"><img loading=\"lazy\" decoding=\"async\" class=\"alignleft size-thumbnail wp-image-309\" src=\"http:\/\/www.ilmondodeitreni.it\/blog\/wp-content\/uploads\/2014\/11\/ffs_img-150x150.jpg\" alt=\"\" width=\"150\" height=\"150\" \/><\/a>FFS Cargo e la Posta svizzera prolungano la loro proficua collaborazione di altri quattro anni. I 60 treni merci carichi di lettere e pacchi che circolano ogni giorno in Svizzera producono undici volte meno gas serra e consumano sette volte meno energia rispetto ai trasporti su strada. FFS Cargo e la Posta svizzera hanno alle spalle un partenariato di lunga data. Quest&#8217;ultimo sar\u00e0 ora prorogato di altri quattro anni &#8211; dal 2023 al 2026 &#8211; dato che FFS Cargo ha vinto il bando di concorso indetto dalla Posta svizzera per le spedizioni di lettere e pacchi. Il contratto quadro tra i due partner \u00e8 stato siglato nel gennaio 2022. \u00abContiamo sull&#8217;elevata qualit\u00e0 e sulla puntualit\u00e0 della ferrovia per poter fornire i nostri servizi in modo affidabile. Due aspetti, questi, che stanno al centro della nostra comprovata collaborazione\u00bb afferma Johannes Cramer, responsabile Servizi logistici alla Posta svizzera. Sono anni che la Posta svizzera punta sull&#8217;affidabilit\u00e0 dei trasporti di FFS Cargo. \u00abSiamo molto felici di questa importante proroga del nostro contratto. Esso permetter\u00e0 a entrambi di sfruttare al meglio i processi consolidati e, nel contempo, di sviluppare insieme il traffico merci su rotaia, per poter soddisfare le esigenze della clientela in termini di flessibilit\u00e0 e rapidit\u00e0\u00bb, aggiunge D\u00e9sir\u00e9e Baer, CEO di FFS Cargo. Di qui alla fine del 2026 FFS Cargo trasporter\u00e0 le lettere e i pacchi della Posta svizzera in tutto il Paese con 60 treni merci al giorno. Ci\u00f2 permetter\u00e0 di risparmiare annualmente 23 760 tonnellate di CO2 e di evitare 183 550 viaggi di autocarri, a vantaggio della tutela dell&#8217;ambiente. FFS Cargo \u00e8 responsabile di un settimo del traffico merci in Svizzera: trasporta ogni giorno 185 000 tonnellate di merci per i propri clienti sgravando cos\u00ec il traffico stradale da 15 000 viaggi giornalieri di autocarri e l&#8217;ambiente da 460 000 tonnellate di emissioni di CO2 all&#8217;anno. FFS Cargo \u00e8 l&#8217;unica ferrovia in Europa a trasportare anche merci con tempistiche urgenti per i servizi postali e il commercio al dettaglio, collegando, in quanto colonna portante dell&#8217;economia svizzera, le principali aree economiche del Paese.<\/p>\n","protected":false},"excerpt":{"rendered":"<p>FFS Cargo e la Posta svizzera prolungano la loro proficua collaborazione di altri quattro anni. I 60 treni merci carichi di lettere e pacchi che circolano ogni giorno in Svizzera producono undici volte meno gas serra e consumano sette volte meno energia rispetto ai trasporti su strada. FFS Cargo e la Posta svizzera hanno alle spalle un partenariato di lunga data. Quest&#8217;ultimo sar\u00e0 ora prorogato di altri quattro anni &#8211;\u2026<\/p>\n<p class=\"continue-reading-button\"> <a class=\"continue-reading-link\" href=\"https:\/\/www.ilmondodeitreni.it\/blog\/?p=13552\">Continua la lettura<i class=\"crycon-right-dir\"><\/i><\/a><\/p>\n","protected":false},"author":12,"featured_media":0,"comment_status":"open","ping_status":"open","sticky":false,"template":"","format":"standard","meta":{"footnotes":""},"categories":[11],"tags":[7852,5,355,9390,1095,9391,1784,37,29],"class_list":["post-13552","post","type-post","status-publish","format-standard","hentry","category-news-estero","tag-desiree-baer","tag-ferrovie","tag-ffs-cargo","tag-johannes-cramer","tag-logistica","tag-posta","tag-posta-svizzera","tag-svizzera","tag-trasporti"],"_links":{"self":[{"href":"https:\/\/www.ilmondodeitreni.it\/blog\/index.php?rest_route=\/wp\/v2\/posts\/13552","targetHints":{"allow":["GET"]}}],"collection":[{"href":"https:\/\/www.ilmondodeitreni.it\/blog\/index.php?rest_route=\/wp\/v2\/posts"}],"about":[{"href":"https:\/\/www.ilmondodeitreni.it\/blog\/index.php?rest_route=\/wp\/v2\/types\/post"}],"author":[{"embeddable":true,"href":"https:\/\/www.ilmondodeitreni.it\/blog\/index.php?rest_route=\/wp\/v2\/users\/12"}],"replies":[{"embeddable":true,"href":"https:\/\/www.ilmondodeitreni.it\/blog\/index.php?rest_route=%2Fwp%2Fv2%2Fcomments&post=13552"}],"version-history":[{"count":1,"href":"https:\/\/www.ilmondodeitreni.it\/blog\/index.php?rest_route=\/wp\/v2\/posts\/13552\/revisions"}],"predecessor-version":[{"id":13553,"href":"https:\/\/www.ilmondodeitreni.it\/blog\/index.php?rest_route=\/wp\/v2\/posts\/13552\/revisions\/13553"}],"wp:attachment":[{"href":"https:\/\/www.ilmondodeitreni.it\/blog\/index.php?rest_route=%2Fwp%2Fv2%2Fmedia&parent=13552"}],"wp:term":[{"taxonomy":"category","embeddable":true,"href":"https:\/\/www.ilmondodeitreni.it\/blog\/index.php?rest_route=%2Fwp%2Fv2%2Fcategories&post=13552"},{"taxonomy":"post_tag","embeddable":true,"href":"https:\/\/www.ilmondodeitreni.it\/blog\/index.php?rest_route=%2Fwp%2Fv2%2Ftags&post=13552"}],"curies":[{"name":"wp","href":"https:\/\/api.w.org\/{rel}","templated":true}]}}