{"id":13510,"date":"2022-01-17T20:21:25","date_gmt":"2022-01-17T19:21:25","guid":{"rendered":"http:\/\/www.ilmondodeitreni.it\/blog\/?p=13510"},"modified":"2022-01-17T21:25:30","modified_gmt":"2022-01-17T20:25:30","slug":"il-lazio-torna-a-produrre-minibus-elettrici","status":"publish","type":"post","link":"https:\/\/www.ilmondodeitreni.it\/blog\/?p=13510","title":{"rendered":"Il Lazio torna a produrre minibus elettrici"},"content":{"rendered":"<p style=\"text-align: justify;\"><a href=\"http:\/\/www.ilmondodeitreni.it\/blog\/wp-content\/uploads\/2022\/01\/668_100viadiportapinciana.jpg\"><img loading=\"lazy\" decoding=\"async\" class=\"alignleft size-thumbnail wp-image-13511\" src=\"http:\/\/www.ilmondodeitreni.it\/blog\/wp-content\/uploads\/2022\/01\/668_100viadiportapinciana-160x120.jpg\" alt=\"\" width=\"160\" height=\"120\" srcset=\"https:\/\/www.ilmondodeitreni.it\/blog\/wp-content\/uploads\/2022\/01\/668_100viadiportapinciana-160x120.jpg 160w, https:\/\/www.ilmondodeitreni.it\/blog\/wp-content\/uploads\/2022\/01\/668_100viadiportapinciana-640x480.jpg 640w, https:\/\/www.ilmondodeitreni.it\/blog\/wp-content\/uploads\/2022\/01\/668_100viadiportapinciana-768x576.jpg 768w, https:\/\/www.ilmondodeitreni.it\/blog\/wp-content\/uploads\/2022\/01\/668_100viadiportapinciana-150x113.jpg 150w, https:\/\/www.ilmondodeitreni.it\/blog\/wp-content\/uploads\/2022\/01\/668_100viadiportapinciana.jpg 800w\" sizes=\"auto, (max-width: 160px) 100vw, 160px\" \/><\/a>Il Lazio torna a produrre minibus elettrici. Con un investimento importante, il gruppo Icap di Paolo Marini ha acquisito la propriet\u00e0 della Tecnobus SpA di Frosinone, azienda che da oltre 25 anni opera nel settore della micro-mobilit\u00e0 sostenibile e realizza veicoli elettrici per il trasporto urbano. Questa operazione testimonia la vitalit\u00e0 del settore automotive nella Regione Lazio, capace di catalizzare investimenti produttivi di grande rilievo, proprio in un momento di profonda trasformazione del settore della mobilit\u00e0. La ripartenza di Tecnobus \u00e8 un altro tassello che si aggiunge ad altri fatti importanti che di recente stanno accadendo nella nostra regione, come l&#8217;investimento di Power4Future per la produzione di batterie e sistemi di accumulo di energia, e che candidano l&#8217;automotive laziale come una destinazione di interesse per i grandi produttori internazionali di veicoli e di soluzioni innovative per la mobilit\u00e0 sostenibile&#8221;. Cos\u00ec\u00a0Paolo Orneli, assessore regionale allo Sviluppo Economico, Commercio e Artigianato, Universit\u00e0, Ricerca, Start-Up e Innovazione.<\/p>\n","protected":false},"excerpt":{"rendered":"<p>Il Lazio torna a produrre minibus elettrici. Con un investimento importante, il gruppo Icap di Paolo Marini ha acquisito la propriet\u00e0 della Tecnobus SpA di Frosinone, azienda che da oltre 25 anni opera nel settore della micro-mobilit\u00e0 sostenibile e realizza veicoli elettrici per il trasporto urbano. Questa operazione testimonia la vitalit\u00e0 del settore automotive nella Regione Lazio, capace di catalizzare investimenti produttivi di grande rilievo, proprio in un momento di\u2026<\/p>\n<p class=\"continue-reading-button\"> <a class=\"continue-reading-link\" href=\"https:\/\/www.ilmondodeitreni.it\/blog\/?p=13510\">Continua la lettura<i class=\"crycon-right-dir\"><\/i><\/a><\/p>\n","protected":false},"author":3,"featured_media":0,"comment_status":"open","ping_status":"open","sticky":false,"template":"","format":"standard","meta":{"footnotes":""},"categories":[2],"tags":[8,9377,17,69,9378,9376,9375,3219],"class_list":["post-13510","post","type-post","status-publish","format-standard","hentry","category-news","tag-autobus","tag-icap","tag-lazio","tag-mobilita","tag-paolo-marini","tag-paolo-orneli","tag-power4future","tag-tecnobus"],"_links":{"self":[{"href":"https:\/\/www.ilmondodeitreni.it\/blog\/index.php?rest_route=\/wp\/v2\/posts\/13510","targetHints":{"allow":["GET"]}}],"collection":[{"href":"https:\/\/www.ilmondodeitreni.it\/blog\/index.php?rest_route=\/wp\/v2\/posts"}],"about":[{"href":"https:\/\/www.ilmondodeitreni.it\/blog\/index.php?rest_route=\/wp\/v2\/types\/post"}],"author":[{"embeddable":true,"href":"https:\/\/www.ilmondodeitreni.it\/blog\/index.php?rest_route=\/wp\/v2\/users\/3"}],"replies":[{"embeddable":true,"href":"https:\/\/www.ilmondodeitreni.it\/blog\/index.php?rest_route=%2Fwp%2Fv2%2Fcomments&post=13510"}],"version-history":[{"count":1,"href":"https:\/\/www.ilmondodeitreni.it\/blog\/index.php?rest_route=\/wp\/v2\/posts\/13510\/revisions"}],"predecessor-version":[{"id":13512,"href":"https:\/\/www.ilmondodeitreni.it\/blog\/index.php?rest_route=\/wp\/v2\/posts\/13510\/revisions\/13512"}],"wp:attachment":[{"href":"https:\/\/www.ilmondodeitreni.it\/blog\/index.php?rest_route=%2Fwp%2Fv2%2Fmedia&parent=13510"}],"wp:term":[{"taxonomy":"category","embeddable":true,"href":"https:\/\/www.ilmondodeitreni.it\/blog\/index.php?rest_route=%2Fwp%2Fv2%2Fcategories&post=13510"},{"taxonomy":"post_tag","embeddable":true,"href":"https:\/\/www.ilmondodeitreni.it\/blog\/index.php?rest_route=%2Fwp%2Fv2%2Ftags&post=13510"}],"curies":[{"name":"wp","href":"https:\/\/api.w.org\/{rel}","templated":true}]}}