{"id":13503,"date":"2022-01-14T00:45:17","date_gmt":"2022-01-13T23:45:17","guid":{"rendered":"http:\/\/www.ilmondodeitreni.it\/blog\/?p=13503"},"modified":"2022-01-14T00:37:59","modified_gmt":"2022-01-13T23:37:59","slug":"nuova-relazione-brindisi-jesi-bologna-da-gts","status":"publish","type":"post","link":"https:\/\/www.ilmondodeitreni.it\/blog\/?p=13503","title":{"rendered":"Nuova relazione Brindisi &#8211; Jesi &#8211; Bologna da GTS"},"content":{"rendered":"<p style=\"text-align: justify;\"><a href=\"http:\/\/www.ilmondodeitreni.it\/blog\/wp-content\/uploads\/2017\/12\/loco-GTS.jpg\"><img loading=\"lazy\" decoding=\"async\" class=\"alignleft size-thumbnail wp-image-6848\" src=\"http:\/\/www.ilmondodeitreni.it\/blog\/wp-content\/uploads\/2017\/12\/loco-GTS-160x107.jpg\" alt=\"\" width=\"160\" height=\"107\" srcset=\"https:\/\/www.ilmondodeitreni.it\/blog\/wp-content\/uploads\/2017\/12\/loco-GTS-160x107.jpg 160w, https:\/\/www.ilmondodeitreni.it\/blog\/wp-content\/uploads\/2017\/12\/loco-GTS-640x427.jpg 640w, https:\/\/www.ilmondodeitreni.it\/blog\/wp-content\/uploads\/2017\/12\/loco-GTS-1024x683.jpg 1024w, https:\/\/www.ilmondodeitreni.it\/blog\/wp-content\/uploads\/2017\/12\/loco-GTS-225x150.jpg 225w, https:\/\/www.ilmondodeitreni.it\/blog\/wp-content\/uploads\/2017\/12\/loco-GTS-300x200.jpg 300w, https:\/\/www.ilmondodeitreni.it\/blog\/wp-content\/uploads\/2017\/12\/loco-GTS-150x100.jpg 150w\" sizes=\"auto, (max-width: 160px) 100vw, 160px\" \/><\/a>GTS Rail, operatore intermodale ferroviario, aggiunge al suo network la nuova tratta Brindisi &#8211; Jesi &#8211; Bologna. La linea, che andr\u00e0 ad affiancare l&#8217;ormai consolidata Bari &#8211; Bologna &#8211; Padova, verr\u00e0 inaugurata il prossimo 5 febbraio grazie all&#8217;accordo con la Carlo Minafro Srl, azienda di Lecce che opera nel settore del trasporto merci conto terzi. Intanto, dal 7 gennaio \u00e8 gi\u00e0 in circolazione un treno intermodale Bari &#8211; Jesi per testare i tempi delle spedizioni, treno che poi andr\u00e0 regime via Brindisi. Questa nuova linea sar\u00e0 una valida alternativa al trasporto tutto gomma, per collegare la Puglia con le Marche, l&#8217;Umbria e l&#8217;Emilia-Romagna. Lo stesso treno proseguir\u00e0 per Bologna e consentir\u00e0 alle merci di procedere per l&#8217;Olanda, Belgio o UK\/Eire. Da Bari, invece, si potranno sfruttare i collegamenti via traghetto per la Grecia, Turchia e Albania. Inizialmente la frequenza del Brindisi &#8211; Jesi &#8211; Bologna sar\u00e0 di una circolazione a settimana, destinata ad aumentare da marzo del 2022 a tre coppie di treni a settimana. Sar\u00e0 possibile acquistare il servizio door to door, utilizzando la flotta di 3.000 container 45&#8242; di propriet\u00e0 del gruppo. Chi possiede proprie unit\u00e0 di carico, invece, potr\u00e0 usufruire dei servizi terminal to terminal e i clienti potranno prenotare i propri servizi online. I treni accoglieranno casse mobili e container di ogni tipologia e dimensione, nonch\u00e9 semirimorchi con profilo sino a P400. Proprio per questi ultimi ci sar\u00e0 anche l&#8217;opportunit\u00e0 di usufruire dell&#8217;innovativo servizio last minute: tariffe speciali a ridosso del giorno di chiusura treno. Tutto accessibile comodamente dal proprio smartphone o dal sito (h24).<\/p>\n<p style=\"text-align: justify;\">&#8220;Sappiamo che in questo momento &#8211; dichiara Alessio Muciaccia, CEO &#8211; molte aziende si trovano in grosse difficolt\u00e0 a causa dell&#8217;aumento dei costi delle materie prime e dell&#8217;energia. Con questo servizio potranno risparmiare almeno su una voce: il trasporto delle loro merci. Per il momento questa offerta \u00e8 possibile solo per i semitrailer. Verranno pubblicati un numero di slot limitati disponibili ad un prezzo molto concorrenziale (per treno e per giorno). I clienti verranno informati tramite una newsletter e potranno prenotare online questa opzione, godendo di uno sconto rispetto alle proprie tariffe normali&#8221;.<\/p>\n<p style=\"text-align: justify;\">Con questa nuova linea ferroviaria, i terminal italiani del network intermodale GTS passano a 11, ai quali aggiungere i 7 terminal europei. La rete del gruppo barese copre 9 Paesi in Europa con 110 treni intermodali a settimana: oltre 165.000 camion in meno sulle strade ogni anno.<\/p>\n","protected":false},"excerpt":{"rendered":"<p>GTS Rail, operatore intermodale ferroviario, aggiunge al suo network la nuova tratta Brindisi &#8211; Jesi &#8211; Bologna. La linea, che andr\u00e0 ad affiancare l&#8217;ormai consolidata Bari &#8211; Bologna &#8211; Padova, verr\u00e0 inaugurata il prossimo 5 febbraio grazie all&#8217;accordo con la Carlo Minafro Srl, azienda di Lecce che opera nel settore del trasporto merci conto terzi. Intanto, dal 7 gennaio \u00e8 gi\u00e0 in circolazione un treno intermodale Bari &#8211; Jesi per\u2026<\/p>\n<p class=\"continue-reading-button\"> <a class=\"continue-reading-link\" href=\"https:\/\/www.ilmondodeitreni.it\/blog\/?p=13503\">Continua la lettura<i class=\"crycon-right-dir\"><\/i><\/a><\/p>\n","protected":false},"author":6,"featured_media":0,"comment_status":"open","ping_status":"open","sticky":false,"template":"","format":"standard","meta":{"footnotes":""},"categories":[2],"tags":[7014,9368,5,4406,2569],"class_list":["post-13503","post","type-post","status-publish","format-standard","hentry","category-news","tag-alessio-muciaccia","tag-carlo-minafro-srl","tag-ferrovie","tag-gts","tag-intermodale"],"_links":{"self":[{"href":"https:\/\/www.ilmondodeitreni.it\/blog\/index.php?rest_route=\/wp\/v2\/posts\/13503","targetHints":{"allow":["GET"]}}],"collection":[{"href":"https:\/\/www.ilmondodeitreni.it\/blog\/index.php?rest_route=\/wp\/v2\/posts"}],"about":[{"href":"https:\/\/www.ilmondodeitreni.it\/blog\/index.php?rest_route=\/wp\/v2\/types\/post"}],"author":[{"embeddable":true,"href":"https:\/\/www.ilmondodeitreni.it\/blog\/index.php?rest_route=\/wp\/v2\/users\/6"}],"replies":[{"embeddable":true,"href":"https:\/\/www.ilmondodeitreni.it\/blog\/index.php?rest_route=%2Fwp%2Fv2%2Fcomments&post=13503"}],"version-history":[{"count":2,"href":"https:\/\/www.ilmondodeitreni.it\/blog\/index.php?rest_route=\/wp\/v2\/posts\/13503\/revisions"}],"predecessor-version":[{"id":13505,"href":"https:\/\/www.ilmondodeitreni.it\/blog\/index.php?rest_route=\/wp\/v2\/posts\/13503\/revisions\/13505"}],"wp:attachment":[{"href":"https:\/\/www.ilmondodeitreni.it\/blog\/index.php?rest_route=%2Fwp%2Fv2%2Fmedia&parent=13503"}],"wp:term":[{"taxonomy":"category","embeddable":true,"href":"https:\/\/www.ilmondodeitreni.it\/blog\/index.php?rest_route=%2Fwp%2Fv2%2Fcategories&post=13503"},{"taxonomy":"post_tag","embeddable":true,"href":"https:\/\/www.ilmondodeitreni.it\/blog\/index.php?rest_route=%2Fwp%2Fv2%2Ftags&post=13503"}],"curies":[{"name":"wp","href":"https:\/\/api.w.org\/{rel}","templated":true}]}}