{"id":13483,"date":"2021-12-31T01:14:39","date_gmt":"2021-12-31T00:14:39","guid":{"rendered":"http:\/\/www.ilmondodeitreni.it\/blog\/?p=13483"},"modified":"2021-12-31T01:14:39","modified_gmt":"2021-12-31T00:14:39","slug":"bergamo-firmato-contratto-per-progetto-definitivo-e-direzione-lavori-linea-tramviaria-t2-valle-brembana","status":"publish","type":"post","link":"https:\/\/www.ilmondodeitreni.it\/blog\/?p=13483","title":{"rendered":"Bergamo: firmato contratto per progetto definitivo e direzione lavori linea tramviaria T2 Valle Brembana"},"content":{"rendered":"<p style=\"text-align: justify;\"><a href=\"http:\/\/www.ilmondodeitreni.it\/blog\/wp-content\/uploads\/2019\/04\/tebg.jpg\"><img loading=\"lazy\" decoding=\"async\" class=\"alignleft size-thumbnail wp-image-8982\" src=\"http:\/\/www.ilmondodeitreni.it\/blog\/wp-content\/uploads\/2019\/04\/tebg-160x120.jpg\" alt=\"\" width=\"160\" height=\"120\" srcset=\"https:\/\/www.ilmondodeitreni.it\/blog\/wp-content\/uploads\/2019\/04\/tebg-160x120.jpg 160w, https:\/\/www.ilmondodeitreni.it\/blog\/wp-content\/uploads\/2019\/04\/tebg-640x480.jpg 640w, https:\/\/www.ilmondodeitreni.it\/blog\/wp-content\/uploads\/2019\/04\/tebg-768x576.jpg 768w, https:\/\/www.ilmondodeitreni.it\/blog\/wp-content\/uploads\/2019\/04\/tebg-200x150.jpg 200w, https:\/\/www.ilmondodeitreni.it\/blog\/wp-content\/uploads\/2019\/04\/tebg-150x113.jpg 150w, https:\/\/www.ilmondodeitreni.it\/blog\/wp-content\/uploads\/2019\/04\/tebg.jpg 1024w\" sizes=\"auto, (max-width: 160px) 100vw, 160px\" \/><\/a>Nei giorni scorsi\u00a0 \u00e8 avvenuta la firma del contratto di affidamento dei servizi tecnici di ingegneria e architettura per la progettazione definitiva e la direzione lavori della linea tramviaria T2 da Bergamo a Villa d\u2019Alm\u00e8. Con il contratto stipulato tra Tramvie Elettriche Bergamasche e il Raggruppamento temporaneo di progettisti denominato \u201cRTI Trams\u00ec\u201d \u2013 costituito da ITALFERR in qualit\u00e0 di mandataria e, in qualit\u00e0 di mandanti, E.T.S., S.D.A. PROGETTI e Ing. Arini \u2013 si definiscono le prestazioni della progettazione definitiva, del coordinamento della sicurezza in fase di progettazione ed esecuzione, della direzione dei lavori e dell\u2019esecuzione della fornitura del materiale rotabile, relativi alla realizzazione della linea T2 della Valle Brembana.<\/p>\n<p style=\"text-align: justify;\">L\u2019importo complessivo della progettazione \u00e8 poco meno di 3,5 milioni di euro.<\/p>\n<p style=\"text-align: justify;\">Per la redazione del progetto definitivo e il coordinamento della sicurezza in fase di progettazione saranno necessari 180 giorni a partire dalla data di sottoscrizione del contratto.<\/p>\n<p style=\"text-align: justify;\">Il progetto di fattibilit\u00e0 tecnico-economica della Linea T2, sviluppato da TEB e presentato dal Comune di Bergamo nel 2018, \u00e8 stato approvato dal Ministero delle Infrastrutture e Trasporti (ora MiMS) e si avviano ora le attivit\u00e0 di progettazione e concertazione che porteranno alla realizzazione dell\u2019opera entro il 2026.<\/p>\n<p style=\"text-align: justify;\">La Linea T2 si sviluppa per circa 11,5 Km, attraversa 5 comuni per un totale di 17 fermate, compresi i due capolinea e si stima che una volta entrata in funzione (inizio 2026) trasporter\u00e0 oltre 4 milioni di passeggeri l\u2019anno.<\/p>\n<p style=\"text-align: justify;\">La Linea T2 prevede un quadro economico complessivo di 178,5 milioni di euro, cos\u00ec interamente finanziato: 125 milioni di euro (70%) da parte del Ministero delle Infrastrutture e dei Trasporti (ora MiMS); la quota di 40 milioni di euro di cofinanziamento di Regione Lombardia; e infine l\u2019investimento di 9,5 milioni del Comune e Provincia di Bergamo e 4 milioni di euro degli altri Comuni interessati dal tracciato, quest\u2019ultimi finanziati per 3 milioni dal Consorzio BIM.<\/p>\n","protected":false},"excerpt":{"rendered":"<p>Nei giorni scorsi\u00a0 \u00e8 avvenuta la firma del contratto di affidamento dei servizi tecnici di ingegneria e architettura per la progettazione definitiva e la direzione lavori della linea tramviaria T2 da Bergamo a Villa d\u2019Alm\u00e8. Con il contratto stipulato tra Tramvie Elettriche Bergamasche e il Raggruppamento temporaneo di progettisti denominato \u201cRTI Trams\u00ec\u201d \u2013 costituito da ITALFERR in qualit\u00e0 di mandataria e, in qualit\u00e0 di mandanti, E.T.S., S.D.A. PROGETTI e Ing.\u2026<\/p>\n<p class=\"continue-reading-button\"> <a class=\"continue-reading-link\" href=\"https:\/\/www.ilmondodeitreni.it\/blog\/?p=13483\">Continua la lettura<i class=\"crycon-right-dir\"><\/i><\/a><\/p>\n","protected":false},"author":10,"featured_media":0,"comment_status":"open","ping_status":"open","sticky":false,"template":"","format":"standard","meta":{"footnotes":""},"categories":[2],"tags":[507,125,69,1897,82,9344],"class_list":["post-13483","post","type-post","status-publish","format-standard","hentry","category-news","tag-bergamo","tag-italferr","tag-mobilita","tag-regione-lombardia","tag-tram","tag-tramvie-elettriche-bergamasche"],"_links":{"self":[{"href":"https:\/\/www.ilmondodeitreni.it\/blog\/index.php?rest_route=\/wp\/v2\/posts\/13483","targetHints":{"allow":["GET"]}}],"collection":[{"href":"https:\/\/www.ilmondodeitreni.it\/blog\/index.php?rest_route=\/wp\/v2\/posts"}],"about":[{"href":"https:\/\/www.ilmondodeitreni.it\/blog\/index.php?rest_route=\/wp\/v2\/types\/post"}],"author":[{"embeddable":true,"href":"https:\/\/www.ilmondodeitreni.it\/blog\/index.php?rest_route=\/wp\/v2\/users\/10"}],"replies":[{"embeddable":true,"href":"https:\/\/www.ilmondodeitreni.it\/blog\/index.php?rest_route=%2Fwp%2Fv2%2Fcomments&post=13483"}],"version-history":[{"count":1,"href":"https:\/\/www.ilmondodeitreni.it\/blog\/index.php?rest_route=\/wp\/v2\/posts\/13483\/revisions"}],"predecessor-version":[{"id":13484,"href":"https:\/\/www.ilmondodeitreni.it\/blog\/index.php?rest_route=\/wp\/v2\/posts\/13483\/revisions\/13484"}],"wp:attachment":[{"href":"https:\/\/www.ilmondodeitreni.it\/blog\/index.php?rest_route=%2Fwp%2Fv2%2Fmedia&parent=13483"}],"wp:term":[{"taxonomy":"category","embeddable":true,"href":"https:\/\/www.ilmondodeitreni.it\/blog\/index.php?rest_route=%2Fwp%2Fv2%2Fcategories&post=13483"},{"taxonomy":"post_tag","embeddable":true,"href":"https:\/\/www.ilmondodeitreni.it\/blog\/index.php?rest_route=%2Fwp%2Fv2%2Ftags&post=13483"}],"curies":[{"name":"wp","href":"https:\/\/api.w.org\/{rel}","templated":true}]}}