{"id":13468,"date":"2021-12-23T23:00:20","date_gmt":"2021-12-23T22:00:20","guid":{"rendered":"http:\/\/www.ilmondodeitreni.it\/blog\/?p=13468"},"modified":"2021-12-23T23:45:22","modified_gmt":"2021-12-23T22:45:22","slug":"messina-presentata-oggi-alla-cittadinanza-la-prima-vettura-tranviaria-ristrutturata","status":"publish","type":"post","link":"https:\/\/www.ilmondodeitreni.it\/blog\/?p=13468","title":{"rendered":"Messina, presentata oggi alla cittadinanza la prima vettura tranviaria ristrutturata"},"content":{"rendered":"<div class=\"col-12 mb-5 mt-2\">\n<p style=\"text-align: justify;\"><a href=\"http:\/\/www.ilmondodeitreni.it\/blog\/wp-content\/uploads\/2019\/03\/146-0017omar.jpg\"><img loading=\"lazy\" decoding=\"async\" class=\"alignleft size-thumbnail wp-image-8683\" src=\"http:\/\/www.ilmondodeitreni.it\/blog\/wp-content\/uploads\/2019\/03\/146-0017omar-160x106.jpg\" alt=\"\" width=\"160\" height=\"106\" srcset=\"https:\/\/www.ilmondodeitreni.it\/blog\/wp-content\/uploads\/2019\/03\/146-0017omar-160x106.jpg 160w, https:\/\/www.ilmondodeitreni.it\/blog\/wp-content\/uploads\/2019\/03\/146-0017omar.jpg 640w, https:\/\/www.ilmondodeitreni.it\/blog\/wp-content\/uploads\/2019\/03\/146-0017omar-226x150.jpg 226w, https:\/\/www.ilmondodeitreni.it\/blog\/wp-content\/uploads\/2019\/03\/146-0017omar-150x99.jpg 150w\" sizes=\"auto, (max-width: 160px) 100vw, 160px\" \/><\/a>Oggi, gioved\u00ec 23, a Piazza Cairoli, il Sindaco Cateno De Luca e il Presidente di ATM SpA Giuseppe Campagna, hanno svelato una vettura tranviaria completamente rinnovata sia dal punto di vista meccanico che estetico, arricchita dalla nuova livrea dedicata alla citt\u00e0 di Messina e dallo stemma civico. Al momento inaugurale hanno preso parte tra gli altri, i componenti il CdA e rappresentanti dell\u2019Azienda Trasporti Messina; gli Assessori Salvatore Mondello, Francesco Gallo e Massimiliano Minutoli; e rappresentanti di organizzazioni sindacali e delle associazioni di categoria. \u201cQuesta vettura tranviaria, ammodernata in tutte le componenti, rappresenta motivo di orgoglio per ATM SpA che, grazie ad una gestione strategica e ad un lavoro sinergico e di squadra tra il management societario e gli Assessori competenti per delega, Mondello e Gallo, l\u2019Azienda oggi \u00e8 cresciuta proiettandosi al futuro e vogliosa di investire sul tessuto sociale di Messina, per diventare sostenibile dal punto di vista ambientale. A tal fine, il miglioramento del Tpl con la sostituzione della mobilit\u00e0 su gomma con quella su ferro, privilegiando soluzioni che utilizzano fonti di energia pulita, un parco mezzi rinnovato e un incremento delle risorse umane, sono i fattori che possono concorrere a rendere le nostra Citt\u00e0 meno inquinata e pi\u00f9 vivibile\u201d, ha detto il Sindaco De Luca. Il revamping \u00e8 consistito in una dettagliata attivit\u00e0 di ricostruzione e di riqualificazione della parte elettrica, elettronica e meccanica unitamente ad interventi di rivisitazione e ammodernamento di tutti i dispositivi di sicurezza. \u201cSiamo felicissimi, in occasione delle festivit\u00e0, di regalare alla citt\u00e0 questo mezzo completamente rinnovato. Il nuovo tram \u2013 ha evidenziato il Presidente di Atm Campagna \u2013 non \u00e8 soltanto caratterizzato da un design piacente ma anche totalmente nuovo nella parte meccanica. Dopo anni di abbandono e di vetture cannibalizzate adesso finalmente inizieremo gradualmente a riavere un servizio tramviario degno di questo nome che porter\u00e0 ad un altro livello il trasporto pubblico urbano soprattutto nel centro citt\u00e0. Questo \u00e8 solo il primo di 15 tram che verranno completamente rinnovati nel corso dei prossimi mesi ed entro il 2023 si avr\u00e0 una completa rivoluzione del sistema di trasporto su rotaia. I lavori sono stati finanziati grazie ai Fondi FSC \u00abCura del Ferro\u00bb per un totale di 6.790.000,00 euro. La rivoluzione si completer\u00e0 \u2013 ha concluso Campagna \u2013 nel 2025 con i lavori previsti per il riammodernamento della rete per una migliore integrazione con il tessuto urbano ed un investimento complessivo di quasi 30 milioni di euro\u201d.<\/p>\n<\/div>\n<div class=\"container\">\n<div class=\"row\">\n<div class=\"col-12\">\n<div class=\"dkpdf-button-container\" style=\"text-align: justify;\"><\/div>\n<\/div>\n<\/div>\n<\/div>\n","protected":false},"excerpt":{"rendered":"<p>Oggi, gioved\u00ec 23, a Piazza Cairoli, il Sindaco Cateno De Luca e il Presidente di ATM SpA Giuseppe Campagna, hanno svelato una vettura tranviaria completamente rinnovata sia dal punto di vista meccanico che estetico, arricchita dalla nuova livrea dedicata alla citt\u00e0 di Messina e dallo stemma civico. Al momento inaugurale hanno preso parte tra gli altri, i componenti il CdA e rappresentanti dell\u2019Azienda Trasporti Messina; gli Assessori Salvatore Mondello, Francesco\u2026<\/p>\n<p class=\"continue-reading-button\"> <a class=\"continue-reading-link\" href=\"https:\/\/www.ilmondodeitreni.it\/blog\/?p=13468\">Continua la lettura<i class=\"crycon-right-dir\"><\/i><\/a><\/p>\n","protected":false},"author":2,"featured_media":0,"comment_status":"open","ping_status":"open","sticky":false,"template":"","format":"standard","meta":{"footnotes":""},"categories":[2],"tags":[121,8574,9331,266,69,82],"class_list":["post-13468","post","type-post","status-publish","format-standard","hentry","category-news","tag-atm","tag-cateno-de-luca","tag-giuseppe-campagna","tag-messina","tag-mobilita","tag-tram"],"_links":{"self":[{"href":"https:\/\/www.ilmondodeitreni.it\/blog\/index.php?rest_route=\/wp\/v2\/posts\/13468","targetHints":{"allow":["GET"]}}],"collection":[{"href":"https:\/\/www.ilmondodeitreni.it\/blog\/index.php?rest_route=\/wp\/v2\/posts"}],"about":[{"href":"https:\/\/www.ilmondodeitreni.it\/blog\/index.php?rest_route=\/wp\/v2\/types\/post"}],"author":[{"embeddable":true,"href":"https:\/\/www.ilmondodeitreni.it\/blog\/index.php?rest_route=\/wp\/v2\/users\/2"}],"replies":[{"embeddable":true,"href":"https:\/\/www.ilmondodeitreni.it\/blog\/index.php?rest_route=%2Fwp%2Fv2%2Fcomments&post=13468"}],"version-history":[{"count":1,"href":"https:\/\/www.ilmondodeitreni.it\/blog\/index.php?rest_route=\/wp\/v2\/posts\/13468\/revisions"}],"predecessor-version":[{"id":13469,"href":"https:\/\/www.ilmondodeitreni.it\/blog\/index.php?rest_route=\/wp\/v2\/posts\/13468\/revisions\/13469"}],"wp:attachment":[{"href":"https:\/\/www.ilmondodeitreni.it\/blog\/index.php?rest_route=%2Fwp%2Fv2%2Fmedia&parent=13468"}],"wp:term":[{"taxonomy":"category","embeddable":true,"href":"https:\/\/www.ilmondodeitreni.it\/blog\/index.php?rest_route=%2Fwp%2Fv2%2Fcategories&post=13468"},{"taxonomy":"post_tag","embeddable":true,"href":"https:\/\/www.ilmondodeitreni.it\/blog\/index.php?rest_route=%2Fwp%2Fv2%2Ftags&post=13468"}],"curies":[{"name":"wp","href":"https:\/\/api.w.org\/{rel}","templated":true}]}}