{"id":13448,"date":"2021-12-10T22:29:40","date_gmt":"2021-12-10T21:29:40","guid":{"rendered":"http:\/\/www.ilmondodeitreni.it\/blog\/?p=13448"},"modified":"2021-12-10T22:29:40","modified_gmt":"2021-12-10T21:29:40","slug":"il-frecciarossa-debutta-sulla-milano-lione-parigi","status":"publish","type":"post","link":"https:\/\/www.ilmondodeitreni.it\/blog\/?p=13448","title":{"rendered":"Il Frecciarossa debutta sulla Milano &#8211; Lione &#8211; Parigi"},"content":{"rendered":"<p style=\"text-align: justify;\"><a href=\"http:\/\/www.ilmondodeitreni.it\/blog\/wp-content\/uploads\/2015\/06\/frecciarossa1000_dr007.jpg\"><img loading=\"lazy\" decoding=\"async\" class=\"alignleft size-thumbnail wp-image-2272\" src=\"http:\/\/www.ilmondodeitreni.it\/blog\/wp-content\/uploads\/2015\/06\/frecciarossa1000_dr007-160x107.jpg\" alt=\"\" width=\"160\" height=\"107\" srcset=\"https:\/\/www.ilmondodeitreni.it\/blog\/wp-content\/uploads\/2015\/06\/frecciarossa1000_dr007-160x107.jpg 160w, https:\/\/www.ilmondodeitreni.it\/blog\/wp-content\/uploads\/2015\/06\/frecciarossa1000_dr007.jpg 640w, https:\/\/www.ilmondodeitreni.it\/blog\/wp-content\/uploads\/2015\/06\/frecciarossa1000_dr007-225x150.jpg 225w, https:\/\/www.ilmondodeitreni.it\/blog\/wp-content\/uploads\/2015\/06\/frecciarossa1000_dr007-150x100.jpg 150w\" sizes=\"auto, (max-width: 160px) 100vw, 160px\" \/><\/a>Il Frecciarossa varca le Alpi e raggiunge Lione e Parigi, esportando l&#8217;esperienza dell&#8217;Alta Velocit\u00e0 targata Trenitalia e Ferrovie dello Stato Italiane in Francia. Una tappa storica nell&#8217;evoluzione del mercato ferroviario europeo. Prima corsa la mattina del 18 dicembre in partenza da Parigi alle 7:26 direzione Milano e dal capoluogo lombardo verso la capitale francese alle 6:25, altre due corse nel pomeriggio. I biglietti, a partire da 23 euro e da 29 euro, in vendita dalla mattina del 13 dicembre sul sito web www.trenitalia.com, e presso le biglietterie di tutte le stazioni italiane e in quelle di Paris Gare de Lyon e Lyon Part-Dieu, nonch\u00e9 presso alcuni partner di distribuzione. Alle due iniziali corse giornaliere di andata e ritorno tra Paris Gare de Lyon e Milano Centrale, via Lyon Part-Dieu, Chamb\u00e9ry, Modane e Torino se ne aggiungeranno poi altre tre giornaliere di andata e ritorno tra Paris Gare de Lyon e Lyon Part-Dieu e Lyon Perrache. In tutto Trenitalia effettuer\u00e0 10 corse per quasi 5.000 posti al giorno tra Parigi e Lione.<\/p>\n<p style=\"text-align: justify;\">Primo operatore europeo ad entrare in Francia dall&#8217;apertura del mercato ferroviario alla concorrenza, Trenitalia con Frecciarossa offrir\u00e0 ai passeggeri francesi, ma anche agli italiani che vorranno raggiungere, con il mezzo di trasporto pi\u00f9 sostenibile, sicuro e confortevole, Chambery Lione e Parigi, una nuova esperienza di viaggio che arricchir\u00e0 e completer\u00e0 quella gi\u00e0 offerta dalla compagnia ferroviaria francese.<\/p>\n<p style=\"text-align: justify;\">&#8220;Siamo molto orgogliosi di presentare la nostra nuova offerta ai viaggiatori francesi &#8211; ha commentato Luigi Corradi, Amministratore Delegato di Trenitalia &#8211; Operiamo gi\u00e0 da pi\u00f9 di 10 anni con Thello, ora Trenitalia France, e abbiamo una grande esperienza della rete in Francia. Ora, con l&#8217;alta velocit\u00e0 su un asse storico, entriamo in una nuova dimensione, al servizio della mobilit\u00e0 e del comfort dei viaggiatori&#8221;.<\/p>\n","protected":false},"excerpt":{"rendered":"<p>Il Frecciarossa varca le Alpi e raggiunge Lione e Parigi, esportando l&#8217;esperienza dell&#8217;Alta Velocit\u00e0 targata Trenitalia e Ferrovie dello Stato Italiane in Francia. Una tappa storica nell&#8217;evoluzione del mercato ferroviario europeo. Prima corsa la mattina del 18 dicembre in partenza da Parigi alle 7:26 direzione Milano e dal capoluogo lombardo verso la capitale francese alle 6:25, altre due corse nel pomeriggio. I biglietti, a partire da 23 euro e da\u2026<\/p>\n<p class=\"continue-reading-button\"> <a class=\"continue-reading-link\" href=\"https:\/\/www.ilmondodeitreni.it\/blog\/?p=13448\">Continua la lettura<i class=\"crycon-right-dir\"><\/i><\/a><\/p>\n","protected":false},"author":3,"featured_media":0,"comment_status":"open","ping_status":"open","sticky":false,"template":"","format":"standard","meta":{"footnotes":""},"categories":[2],"tags":[179,5,102,641,59,372],"class_list":["post-13448","post","type-post","status-publish","format-standard","hentry","category-news","tag-alta-velocita","tag-ferrovie","tag-frecciarossa","tag-luigi-corradi","tag-milano","tag-parigi"],"_links":{"self":[{"href":"https:\/\/www.ilmondodeitreni.it\/blog\/index.php?rest_route=\/wp\/v2\/posts\/13448","targetHints":{"allow":["GET"]}}],"collection":[{"href":"https:\/\/www.ilmondodeitreni.it\/blog\/index.php?rest_route=\/wp\/v2\/posts"}],"about":[{"href":"https:\/\/www.ilmondodeitreni.it\/blog\/index.php?rest_route=\/wp\/v2\/types\/post"}],"author":[{"embeddable":true,"href":"https:\/\/www.ilmondodeitreni.it\/blog\/index.php?rest_route=\/wp\/v2\/users\/3"}],"replies":[{"embeddable":true,"href":"https:\/\/www.ilmondodeitreni.it\/blog\/index.php?rest_route=%2Fwp%2Fv2%2Fcomments&post=13448"}],"version-history":[{"count":1,"href":"https:\/\/www.ilmondodeitreni.it\/blog\/index.php?rest_route=\/wp\/v2\/posts\/13448\/revisions"}],"predecessor-version":[{"id":13449,"href":"https:\/\/www.ilmondodeitreni.it\/blog\/index.php?rest_route=\/wp\/v2\/posts\/13448\/revisions\/13449"}],"wp:attachment":[{"href":"https:\/\/www.ilmondodeitreni.it\/blog\/index.php?rest_route=%2Fwp%2Fv2%2Fmedia&parent=13448"}],"wp:term":[{"taxonomy":"category","embeddable":true,"href":"https:\/\/www.ilmondodeitreni.it\/blog\/index.php?rest_route=%2Fwp%2Fv2%2Fcategories&post=13448"},{"taxonomy":"post_tag","embeddable":true,"href":"https:\/\/www.ilmondodeitreni.it\/blog\/index.php?rest_route=%2Fwp%2Fv2%2Ftags&post=13448"}],"curies":[{"name":"wp","href":"https:\/\/api.w.org\/{rel}","templated":true}]}}