{"id":13409,"date":"2021-11-20T01:27:04","date_gmt":"2021-11-20T00:27:04","guid":{"rendered":"http:\/\/www.ilmondodeitreni.it\/blog\/?p=13409"},"modified":"2021-11-20T01:27:04","modified_gmt":"2021-11-20T00:27:04","slug":"trenitalia-arriva-in-spagna-con-iryo","status":"publish","type":"post","link":"https:\/\/www.ilmondodeitreni.it\/blog\/?p=13409","title":{"rendered":"Trenitalia arriva in Spagna con iryo"},"content":{"rendered":"<div class=\"text section\">\n<p style=\"text-align: justify;\"><span style=\"font-family: Georgia, 'Times New Roman', Times, serif;\"><a href=\"http:\/\/www.ilmondodeitreni.it\/blog\/wp-content\/uploads\/2020\/08\/FrecciarossaMadridAtocha_final.jpg\"><img loading=\"lazy\" decoding=\"async\" class=\"alignleft size-thumbnail wp-image-12126\" src=\"http:\/\/www.ilmondodeitreni.it\/blog\/wp-content\/uploads\/2020\/08\/FrecciarossaMadridAtocha_final-160x107.jpg\" alt=\"\" width=\"160\" height=\"107\" srcset=\"https:\/\/www.ilmondodeitreni.it\/blog\/wp-content\/uploads\/2020\/08\/FrecciarossaMadridAtocha_final-160x107.jpg 160w, https:\/\/www.ilmondodeitreni.it\/blog\/wp-content\/uploads\/2020\/08\/FrecciarossaMadridAtocha_final-640x428.jpg 640w, https:\/\/www.ilmondodeitreni.it\/blog\/wp-content\/uploads\/2020\/08\/FrecciarossaMadridAtocha_final-768x513.jpg 768w, https:\/\/www.ilmondodeitreni.it\/blog\/wp-content\/uploads\/2020\/08\/FrecciarossaMadridAtocha_final-150x100.jpg 150w, https:\/\/www.ilmondodeitreni.it\/blog\/wp-content\/uploads\/2020\/08\/FrecciarossaMadridAtocha_final.jpg 1024w\" sizes=\"auto, (max-width: 160px) 100vw, 160px\" \/><\/a>Nasce iryo, il marchio commerciale di Trenitalia in Spagna che unisce le parole &#8220;andare&#8221; e &#8220;io&#8221; in spagnolo e che entro il 2022 inizier\u00e0 a viaggiare sui binari iberici dell&#8217;alta velocit\u00e0 fra le principali citt\u00e0, iniziando dalla rotta Madrid-Barcellona. <\/span><span style=\"font-family: Georgia, 'Times New Roman', Times, serif;\">Nella splendida cornice del giardino tropicale della stazione di Atocha a Madrid, ILSA, la partecipata di Trenitalia e Air Nostrum, ha presentato a istituzioni e media spagnoli e all&#8217;Ambasciatore italiano in Spagna, Riccardo Guariglia, il nuovo nome commerciale dell&#8217;azienda e la nuova livrea con cui il Frecciarossa 1000, mantenendo le caratteristiche tecniche e il colore rosso invariato, si presenter\u00e0 ai passeggeri.<\/span><span style=\"font-family: Georgia, 'Times New Roman', Times, serif;\">Parole di soddisfazione sono giunte da esponenti del Governo e di ADIF (Administrador de Infraestructuras Ferroviarias) e proprio l&#8217;Ambasciatore ha ricordato il legame fra Italia e Spagna in ambito ferroviario visto che la prima linea ferroviaria Napoli-Portici fu commissionata da Ferdinando II, sovrano di origini spagnole.<\/span><span style=\"font-family: Georgia, 'Times New Roman', Times, serif;\">Grazie all&#8217;assegnazione da parte di ADIF, gestore dell&#8217;infrastruttura ferroviaria iberica, del 30% dei collegamenti alta velocit\u00e0, iryo unir\u00e0 in una prima fase Madrid, Barcellona, Siviglia, Malaga, Cordoba, Valencia, Alicante e Saragozza per poi estendersi ad altri collegamenti.<\/span><span style=\"font-family: Georgia, 'Times New Roman', Times, serif;\">ILSA ha gi\u00e0 investito in Spagna circa un miliardo di euro e prevede di generare 2.600 posti di lavoro fra diretti e indiretti e di attirare 50 milioni di passeggeri in dieci anni. Nel suo discorso alla presentazione del nuovo marchio, Simone Gorini, CEO di ILSA, ha sottolineato l&#8217;importanza di \u00aboffrire un&#8217;esperienza di viaggio adatta alle esigenze dei passeggeri in termini di personalizzazione, digitalizzazione e sostenibilit\u00e0\u00bb. Aggiungendo anche che l&#8217;obiettivo principale \u00e8 \u00abporre il treno come modalit\u00e0 principale di trasporto per un futuro pi\u00f9 sostenibile al centro di una mobilit\u00e0 sempre pi\u00f9 connessa e multimodale\u00bb. <\/span><span style=\"font-family: Georgia, 'Times New Roman', Times, serif;\">Anche Carlos Bertomeu, Presidente di ILSA, ha spiegato l&#8217;importanza del progetto evidenziando come \u00abTrenitalia sia il miglior socio da avere accanto in questa avventura perch\u00e9 ha gi\u00e0 sperimentato la concorrenza e possiede enorme know how nell&#8217;ambito dell&#8217;alta velocit\u00e0\u00bb. Ha poi proseguito che ILSA punter\u00e0 su \u00abuna formula basata sull&#8217;attenzione massima alla parte operativa, sulle tecnologie all&#8217;avanguardia e su un servizio differenziato da offrire ai passeggeri\u00bb.<\/span><\/p>\n<\/div>\n<div class=\"text section\">\n<p>&nbsp;<\/p>\n<\/div>\n","protected":false},"excerpt":{"rendered":"<p>Nasce iryo, il marchio commerciale di Trenitalia in Spagna che unisce le parole &#8220;andare&#8221; e &#8220;io&#8221; in spagnolo e che entro il 2022 inizier\u00e0 a viaggiare sui binari iberici dell&#8217;alta velocit\u00e0 fra le principali citt\u00e0, iniziando dalla rotta Madrid-Barcellona. Nella splendida cornice del giardino tropicale della stazione di Atocha a Madrid, ILSA, la partecipata di Trenitalia e Air Nostrum, ha presentato a istituzioni e media spagnoli e all&#8217;Ambasciatore italiano in\u2026<\/p>\n<p class=\"continue-reading-button\"> <a class=\"continue-reading-link\" href=\"https:\/\/www.ilmondodeitreni.it\/blog\/?p=13409\">Continua la lettura<i class=\"crycon-right-dir\"><\/i><\/a><\/p>\n","protected":false},"author":10,"featured_media":0,"comment_status":"open","ping_status":"open","sticky":false,"template":"","format":"standard","meta":{"footnotes":""},"categories":[11],"tags":[2351,9262,5,9261,34,5648,1367,23],"class_list":["post-13409","post","type-post","status-publish","format-standard","hentry","category-news-estero","tag-adif","tag-carlos-borromeo","tag-ferrovie","tag-iryo","tag-rfi","tag-simone-gorini","tag-spagna","tag-trenitalia"],"_links":{"self":[{"href":"https:\/\/www.ilmondodeitreni.it\/blog\/index.php?rest_route=\/wp\/v2\/posts\/13409","targetHints":{"allow":["GET"]}}],"collection":[{"href":"https:\/\/www.ilmondodeitreni.it\/blog\/index.php?rest_route=\/wp\/v2\/posts"}],"about":[{"href":"https:\/\/www.ilmondodeitreni.it\/blog\/index.php?rest_route=\/wp\/v2\/types\/post"}],"author":[{"embeddable":true,"href":"https:\/\/www.ilmondodeitreni.it\/blog\/index.php?rest_route=\/wp\/v2\/users\/10"}],"replies":[{"embeddable":true,"href":"https:\/\/www.ilmondodeitreni.it\/blog\/index.php?rest_route=%2Fwp%2Fv2%2Fcomments&post=13409"}],"version-history":[{"count":1,"href":"https:\/\/www.ilmondodeitreni.it\/blog\/index.php?rest_route=\/wp\/v2\/posts\/13409\/revisions"}],"predecessor-version":[{"id":13410,"href":"https:\/\/www.ilmondodeitreni.it\/blog\/index.php?rest_route=\/wp\/v2\/posts\/13409\/revisions\/13410"}],"wp:attachment":[{"href":"https:\/\/www.ilmondodeitreni.it\/blog\/index.php?rest_route=%2Fwp%2Fv2%2Fmedia&parent=13409"}],"wp:term":[{"taxonomy":"category","embeddable":true,"href":"https:\/\/www.ilmondodeitreni.it\/blog\/index.php?rest_route=%2Fwp%2Fv2%2Fcategories&post=13409"},{"taxonomy":"post_tag","embeddable":true,"href":"https:\/\/www.ilmondodeitreni.it\/blog\/index.php?rest_route=%2Fwp%2Fv2%2Ftags&post=13409"}],"curies":[{"name":"wp","href":"https:\/\/api.w.org\/{rel}","templated":true}]}}