{"id":13397,"date":"2021-11-14T00:22:15","date_gmt":"2021-11-13T23:22:15","guid":{"rendered":"http:\/\/www.ilmondodeitreni.it\/blog\/?p=13397"},"modified":"2021-11-14T00:22:15","modified_gmt":"2021-11-13T23:22:15","slug":"al-via-la-gara-per-il-potenziamento-ferroviario-nel-porto-di-trieste","status":"publish","type":"post","link":"https:\/\/www.ilmondodeitreni.it\/blog\/?p=13397","title":{"rendered":"Al via la gara per il potenziamento ferroviario nel porto di Trieste"},"content":{"rendered":"<p style=\"text-align: justify;\"><a href=\"http:\/\/www.ilmondodeitreni.it\/blog\/wp-content\/uploads\/2015\/10\/Barcolana_Trieste_FSNEWS.jpg\"><img loading=\"lazy\" decoding=\"async\" class=\"alignleft size-thumbnail wp-image-2965\" src=\"http:\/\/www.ilmondodeitreni.it\/blog\/wp-content\/uploads\/2015\/10\/Barcolana_Trieste_FSNEWS-160x107.jpg\" alt=\"\" width=\"160\" height=\"107\" srcset=\"https:\/\/www.ilmondodeitreni.it\/blog\/wp-content\/uploads\/2015\/10\/Barcolana_Trieste_FSNEWS-160x107.jpg 160w, https:\/\/www.ilmondodeitreni.it\/blog\/wp-content\/uploads\/2015\/10\/Barcolana_Trieste_FSNEWS-225x150.jpg 225w, https:\/\/www.ilmondodeitreni.it\/blog\/wp-content\/uploads\/2015\/10\/Barcolana_Trieste_FSNEWS-150x100.jpg 150w, https:\/\/www.ilmondodeitreni.it\/blog\/wp-content\/uploads\/2015\/10\/Barcolana_Trieste_FSNEWS.jpg 300w\" sizes=\"auto, (max-width: 160px) 100vw, 160px\" \/><\/a>\u00c8 stato pubblicato il bando di gara per la prima fase dei lavori di potenziamento dell&#8217;infrastruttura ferroviaria all&#8217;interno del porto di Trieste, in attuazione degli accordi previsti nel protocollo del 2019 fra Autorit\u00e0 di Sistema Portuale del Mare Adriatico Orientale e Rete Ferroviaria Italiana (Gruppo FS Italiane). In questa occasione la prima \u00e8 committente e la seconda soggetto tecnico. La gara \u00e8 stata avviata una volta completata la progettazione definitiva dell&#8217;intervento, del valore di oltre venti milioni e mezzo di euro, finanziati dal mutuo che AdSPMAO ha contratto con la BEI e dai fondi concessi dal programma CEF di cui al progetto TriesteRailPort. Con una durata stimata in circa tre anni e mezzo, l&#8217;intervento prevede il completo rifacimento dei binari e degli scambi con una configurazione pi\u00f9 funzionale alle necessit\u00e0 degli operatori portuali, nonch\u00e9 l&#8217;installazione di sistemi di comando e controllo e di telefonia secondo gli standard di RFI. Sono previste anche modifiche della viabilit\u00e0 interna al porto, per agevolare l&#8217;eventuale accesso di mezzi di soccorso, e al binario per la gestione delle merci pericolose.<\/p>\n<p style=\"text-align: justify;\">Il tutto consentir\u00e0 di ridurre i tempi di manovra da e per i terminal, elevando la produttivit\u00e0 del sistema portuale e aumentandone ulteriormente la competitivit\u00e0 a livello internazionale.<\/p>\n","protected":false},"excerpt":{"rendered":"<p>\u00c8 stato pubblicato il bando di gara per la prima fase dei lavori di potenziamento dell&#8217;infrastruttura ferroviaria all&#8217;interno del porto di Trieste, in attuazione degli accordi previsti nel protocollo del 2019 fra Autorit\u00e0 di Sistema Portuale del Mare Adriatico Orientale e Rete Ferroviaria Italiana (Gruppo FS Italiane). In questa occasione la prima \u00e8 committente e la seconda soggetto tecnico. La gara \u00e8 stata avviata una volta completata la progettazione definitiva\u2026<\/p>\n<p class=\"continue-reading-button\"> <a class=\"continue-reading-link\" href=\"https:\/\/www.ilmondodeitreni.it\/blog\/?p=13397\">Continua la lettura<i class=\"crycon-right-dir\"><\/i><\/a><\/p>\n","protected":false},"author":10,"featured_media":0,"comment_status":"open","ping_status":"open","sticky":false,"template":"","format":"standard","meta":{"footnotes":""},"categories":[2],"tags":[9253,5,3501,34],"class_list":["post-13397","post","type-post","status-publish","format-standard","hentry","category-news","tag-autorita-di-sistema-portuale-del-mare-adriatico-orientale","tag-ferrovie","tag-porto-di-trieste","tag-rfi"],"_links":{"self":[{"href":"https:\/\/www.ilmondodeitreni.it\/blog\/index.php?rest_route=\/wp\/v2\/posts\/13397","targetHints":{"allow":["GET"]}}],"collection":[{"href":"https:\/\/www.ilmondodeitreni.it\/blog\/index.php?rest_route=\/wp\/v2\/posts"}],"about":[{"href":"https:\/\/www.ilmondodeitreni.it\/blog\/index.php?rest_route=\/wp\/v2\/types\/post"}],"author":[{"embeddable":true,"href":"https:\/\/www.ilmondodeitreni.it\/blog\/index.php?rest_route=\/wp\/v2\/users\/10"}],"replies":[{"embeddable":true,"href":"https:\/\/www.ilmondodeitreni.it\/blog\/index.php?rest_route=%2Fwp%2Fv2%2Fcomments&post=13397"}],"version-history":[{"count":1,"href":"https:\/\/www.ilmondodeitreni.it\/blog\/index.php?rest_route=\/wp\/v2\/posts\/13397\/revisions"}],"predecessor-version":[{"id":13398,"href":"https:\/\/www.ilmondodeitreni.it\/blog\/index.php?rest_route=\/wp\/v2\/posts\/13397\/revisions\/13398"}],"wp:attachment":[{"href":"https:\/\/www.ilmondodeitreni.it\/blog\/index.php?rest_route=%2Fwp%2Fv2%2Fmedia&parent=13397"}],"wp:term":[{"taxonomy":"category","embeddable":true,"href":"https:\/\/www.ilmondodeitreni.it\/blog\/index.php?rest_route=%2Fwp%2Fv2%2Fcategories&post=13397"},{"taxonomy":"post_tag","embeddable":true,"href":"https:\/\/www.ilmondodeitreni.it\/blog\/index.php?rest_route=%2Fwp%2Fv2%2Ftags&post=13397"}],"curies":[{"name":"wp","href":"https:\/\/api.w.org\/{rel}","templated":true}]}}