{"id":13392,"date":"2021-11-08T13:28:58","date_gmt":"2021-11-08T12:28:58","guid":{"rendered":"http:\/\/www.ilmondodeitreni.it\/blog\/?p=13392"},"modified":"2021-11-08T13:28:58","modified_gmt":"2021-11-08T12:28:58","slug":"con-gli-eurocity-db-obb-in-viaggio-verso-i-mercatini-di-natale","status":"publish","type":"post","link":"https:\/\/www.ilmondodeitreni.it\/blog\/?p=13392","title":{"rendered":"Con gli EuroCity DB-\u00d6BB in viaggio verso i mercatini di Natale"},"content":{"rendered":"<p style=\"text-align: justify;\"><a href=\"http:\/\/www.ilmondodeitreni.it\/blog\/wp-content\/uploads\/2018\/04\/E190018verona.jpg\"><img loading=\"lazy\" decoding=\"async\" class=\"alignleft size-thumbnail wp-image-7409\" src=\"http:\/\/www.ilmondodeitreni.it\/blog\/wp-content\/uploads\/2018\/04\/E190018verona-160x120.jpg\" alt=\"\" width=\"160\" height=\"120\" srcset=\"https:\/\/www.ilmondodeitreni.it\/blog\/wp-content\/uploads\/2018\/04\/E190018verona-160x120.jpg 160w, https:\/\/www.ilmondodeitreni.it\/blog\/wp-content\/uploads\/2018\/04\/E190018verona-200x150.jpg 200w, https:\/\/www.ilmondodeitreni.it\/blog\/wp-content\/uploads\/2018\/04\/E190018verona-300x225.jpg 300w, https:\/\/www.ilmondodeitreni.it\/blog\/wp-content\/uploads\/2018\/04\/E190018verona-150x113.jpg 150w, https:\/\/www.ilmondodeitreni.it\/blog\/wp-content\/uploads\/2018\/04\/E190018verona.jpg 640w\" sizes=\"auto, (max-width: 160px) 100vw, 160px\" \/><\/a>Il ritorno alla normalit\u00e0 \u00e8 segnato anche dall&#8217;avvio &#8211; nelle prossime settimane &#8211; dei tradizionali e suggestivi mercatini di Natale, che rappresentano un appuntamento immancabile in Trentino-Alto Adige come nel Tirolo. Dalle localit\u00e0 pi\u00f9 grandi e famose come Bolzano, Trento, Rovereto, Bressanone fino ad arrivare oltralpe in citt\u00e0 pi\u00f9 grandi come Innsbruck o Monaco di Baviera. Il modo pi\u00f9 comodo e facile per raggiungere queste localit\u00e0 e al tempo stesso godere dell&#8217;atmosfera natalizia \u00e8 con i treni DB-\u00d6BB EuroCity. Prenotando con un po&#8217; di anticipo si riesce ad assicurarsi una buona tariffa ed un&#8217;esperienza perfetta per chi viaggia con amici o con tutta la famiglia.<\/p>\n<p style=\"text-align: justify;\">Le date dei mercatini variano secondo le localit\u00e0, ad Innsbruck le date da segnare sono dal 15 novembre al 23 dicembre 2021. Il mercatino di Natale del centro storico \u00e8 aperto tutti i giorni dalle 11.00 alle 21.00, e vi si trova una miniera inesauribile di addobbi per l&#8217;albero, opere d&#8217;artigianato artistico, prodotti in lana e articoli regalo. Sono ben sette i mercatini in citt\u00e0, oltre 200 bancarelle, pi\u00f9 di 300 manifestazioni legate al Natale in montagna assicurano un programma variegato durante il periodo dell&#8217;Avvento e sulla piazza Marktplatz risplende un albero di cristallo, alto 14 metri. La Erzherzog-Friedrich-Stra\u00dfe poi si trasforma nel vicolo delle favole: con le presenza dei personaggi delle favole pi\u00f9 famose che dall&#8217;alto di facciate, balconi e cuspidi osservano i passanti.<\/p>\n<p style=\"text-align: justify;\">Anche a Kitzb\u00fchel dal 24 novembre al 26 dicembre il centro cittadino si trasforma in una favola prenatalizia.<\/p>\n<p style=\"text-align: justify;\">A Trento s&#8217;inizia il 20 novembre e si prosegue fino al 9 gennaio: ci sono oltre 93 casette di legno che propongono artigianato locale e tipicit\u00e0 gastronomiche. Negli stand si trova di tutto, dagli addobbi per il presepe ai tipici oggetti di artigianato alpino passando per articoli-regalo, all&#8217;insegna dell&#8217;alta qualit\u00e0.<\/p>\n<p style=\"text-align: justify;\">A Bressanone le date da segnare sono dal 26 novembre 2021 al 6 gennaio 2022, in Piazza del Duomo si trovano presepi realizzati a mano, sculture in legno, candele, carini oggetti di vetro e ceramica, mentre tipiche specialit\u00e0 della Valle Isarco allietano il palato di grandi e piccoli buongustai il tutto accompagnato da concerti d&#8217;Avvento che arricchiscono l&#8217;atmosfera natalizia.<\/p>\n<p style=\"text-align: justify;\">Sono cinque i collegamenti quotidiani per raggiungere il Trentino Alto Adige, l&#8217;Austria, con capolinea Monaco di Baviera senza alcun cambio.<\/p>\n<p style=\"text-align: justify;\">Tutti transitano per Verona: da Venezia &#8211; passando per Padova &#8211; si parte alle 13.13 o alle 15.35; da Bologna invece le possibilit\u00e0 per partire con i treni DB-\u00d6BB EuroCity sono tre: alle 7.45, alle 11.52 e alle 15.50.<\/p>\n<p style=\"text-align: justify;\">I biglietti sono disponibili dall&#8217;Italia all&#8217;Austria a partire da 29,90 Euro* e per i collegamenti in Italia a partire da 9,90 Euro<sup>*<\/sup>.<\/p>\n<p style=\"text-align: justify;\">Informazioni e prenotazioni treni su www.megliointreno.it, tramite le biglietterie e agenzie di viaggio partner DB, \u00d6BB e Trenitalia, il Call Center DB-\u00d6BB 02 6747 9578.<\/p>\n","protected":false},"excerpt":{"rendered":"<p>Il ritorno alla normalit\u00e0 \u00e8 segnato anche dall&#8217;avvio &#8211; nelle prossime settimane &#8211; dei tradizionali e suggestivi mercatini di Natale, che rappresentano un appuntamento immancabile in Trentino-Alto Adige come nel Tirolo. Dalle localit\u00e0 pi\u00f9 grandi e famose come Bolzano, Trento, Rovereto, Bressanone fino ad arrivare oltralpe in citt\u00e0 pi\u00f9 grandi come Innsbruck o Monaco di Baviera. Il modo pi\u00f9 comodo e facile per raggiungere queste localit\u00e0 e al tempo stesso\u2026<\/p>\n<p class=\"continue-reading-button\"> <a class=\"continue-reading-link\" href=\"https:\/\/www.ilmondodeitreni.it\/blog\/?p=13392\">Continua la lettura<i class=\"crycon-right-dir\"><\/i><\/a><\/p>\n","protected":false},"author":1,"featured_media":0,"comment_status":"open","ping_status":"open","sticky":false,"template":"","format":"standard","meta":{"footnotes":""},"categories":[2],"tags":[348,2733,938,5,72,5139,9252,8486,228,1453,29,635],"class_list":["post-13392","post","type-post","status-publish","format-standard","hentry","category-news","tag-austria","tag-bressanone","tag-db","tag-ferrovie","tag-germania","tag-innsbruck","tag-mercatini","tag-monaco-di-baviera","tag-natale","tag-obb","tag-trasporti","tag-trento"],"_links":{"self":[{"href":"https:\/\/www.ilmondodeitreni.it\/blog\/index.php?rest_route=\/wp\/v2\/posts\/13392","targetHints":{"allow":["GET"]}}],"collection":[{"href":"https:\/\/www.ilmondodeitreni.it\/blog\/index.php?rest_route=\/wp\/v2\/posts"}],"about":[{"href":"https:\/\/www.ilmondodeitreni.it\/blog\/index.php?rest_route=\/wp\/v2\/types\/post"}],"author":[{"embeddable":true,"href":"https:\/\/www.ilmondodeitreni.it\/blog\/index.php?rest_route=\/wp\/v2\/users\/1"}],"replies":[{"embeddable":true,"href":"https:\/\/www.ilmondodeitreni.it\/blog\/index.php?rest_route=%2Fwp%2Fv2%2Fcomments&post=13392"}],"version-history":[{"count":1,"href":"https:\/\/www.ilmondodeitreni.it\/blog\/index.php?rest_route=\/wp\/v2\/posts\/13392\/revisions"}],"predecessor-version":[{"id":13393,"href":"https:\/\/www.ilmondodeitreni.it\/blog\/index.php?rest_route=\/wp\/v2\/posts\/13392\/revisions\/13393"}],"wp:attachment":[{"href":"https:\/\/www.ilmondodeitreni.it\/blog\/index.php?rest_route=%2Fwp%2Fv2%2Fmedia&parent=13392"}],"wp:term":[{"taxonomy":"category","embeddable":true,"href":"https:\/\/www.ilmondodeitreni.it\/blog\/index.php?rest_route=%2Fwp%2Fv2%2Fcategories&post=13392"},{"taxonomy":"post_tag","embeddable":true,"href":"https:\/\/www.ilmondodeitreni.it\/blog\/index.php?rest_route=%2Fwp%2Fv2%2Ftags&post=13392"}],"curies":[{"name":"wp","href":"https:\/\/api.w.org\/{rel}","templated":true}]}}