{"id":13377,"date":"2021-10-30T22:49:40","date_gmt":"2021-10-30T20:49:40","guid":{"rendered":"http:\/\/www.ilmondodeitreni.it\/blog\/?p=13377"},"modified":"2021-10-30T22:49:40","modified_gmt":"2021-10-30T20:49:40","slug":"partito-il-climate-train-da-londra-a-bordo-esponenti-istituzionali-che-partecipano-al-cop26","status":"publish","type":"post","link":"https:\/\/www.ilmondodeitreni.it\/blog\/?p=13377","title":{"rendered":"Partito il Climate Train da Londra A bordo esponenti istituzionali che partecipano al COP26"},"content":{"rendered":"<p style=\"text-align: justify;\"><img loading=\"lazy\" decoding=\"async\" class=\"alignleft size-thumbnail wp-image-10607\" src=\"http:\/\/www.ilmondodeitreni.it\/blog\/wp-content\/uploads\/2020\/01\/CGI-Avanti-train-160x90.jpg\" alt=\"\" width=\"160\" height=\"90\" srcset=\"https:\/\/www.ilmondodeitreni.it\/blog\/wp-content\/uploads\/2020\/01\/CGI-Avanti-train-160x90.jpg 160w, https:\/\/www.ilmondodeitreni.it\/blog\/wp-content\/uploads\/2020\/01\/CGI-Avanti-train-640x360.jpg 640w, https:\/\/www.ilmondodeitreni.it\/blog\/wp-content\/uploads\/2020\/01\/CGI-Avanti-train-1024x576.jpg 1024w, https:\/\/www.ilmondodeitreni.it\/blog\/wp-content\/uploads\/2020\/01\/CGI-Avanti-train-768x432.jpg 768w, https:\/\/www.ilmondodeitreni.it\/blog\/wp-content\/uploads\/2020\/01\/CGI-Avanti-train.jpg 1160w\" sizes=\"auto, (max-width: 160px) 100vw, 160px\" \/>Un&#8217;altra tappa \u2013 ma forse sarebbe meglio dire una stazione \u2013 per la sostenibilit\u00e0 e la riduzione di CO2 nel settore trasporti \u00e8 stata raggiunta: oggi, alle 13:27, dalla London Euston Station, \u00e8 partito il Climate Train COP26 di Avanti West Coast che raggiunger\u00e0 Glasgow, in Scozia, alle 18:00 inglesi. A bordo esponenti delle delegazioni istituzionali italiane, britanniche ed europee che partecipano ai lavori di COP26, la Conferenza delle Nazioni Unite sui cambiamenti climatici. Accolti dal Managing Director di Trenitalia UK, Ernesto Sicilia, sullo speciale convoglio sono saliti l\u2019Ambasciatore d\u2019Italia nel Regno Unito, Raffaele Trombetta, l\u2019Ambasciatore della Rappresentanza EU nel Regno Unito, Vale de Almeida, il Ministro inglese per i Trasporti, Chris Heaton-Harris, il Direttore dell\u2019ICE a Londra, Giovanni Sacchi, e il professore dell\u2019University College of London (UCL), Paolo Taticchi. L\u2019iniziativa, nata dal partenariato tra\u00a0Avanti West Coast\u00a0(franchise composto da Trenitalia e\u00a0FirstGroup\u00a0che comprende i servizi da Londra a Birmingham, Manchester, Liverpool, Preston, Chester, Edimburgo e Glasgow) ed Eurostar, conferma la vocazione green di Trenitalia UK (controllata da Trenitalia), sempre pi\u00f9 attenta al clima, alla sostenibilit\u00e0 e alla diminuzione di anidride carbonica nei trasporti.<\/p>\n<p>&nbsp;<\/p>\n","protected":false},"excerpt":{"rendered":"<p>Un&#8217;altra tappa \u2013 ma forse sarebbe meglio dire una stazione \u2013 per la sostenibilit\u00e0 e la riduzione di CO2 nel settore trasporti \u00e8 stata raggiunta: oggi, alle 13:27, dalla London Euston Station, \u00e8 partito il Climate Train COP26 di Avanti West Coast che raggiunger\u00e0 Glasgow, in Scozia, alle 18:00 inglesi. A bordo esponenti delle delegazioni istituzionali italiane, britanniche ed europee che partecipano ai lavori di COP26, la Conferenza delle Nazioni\u2026<\/p>\n<p class=\"continue-reading-button\"> <a class=\"continue-reading-link\" href=\"https:\/\/www.ilmondodeitreni.it\/blog\/?p=13377\">Continua la lettura<i class=\"crycon-right-dir\"><\/i><\/a><\/p>\n","protected":false},"author":11,"featured_media":0,"comment_status":"open","ping_status":"open","sticky":false,"template":"","format":"standard","meta":{"footnotes":""},"categories":[11],"tags":[6807,9246,9243,9244,9245,4304,5,114,3891],"class_list":["post-13377","post","type-post","status-publish","format-standard","hentry","category-news-estero","tag-avanti-west-coast","tag-chris-heaton-harris","tag-climate-train-cop2","tag-cop26","tag-ernesto-sicili","tag-ernesto-sicilia","tag-ferrovie","tag-londra","tag-trenitalia-uk"],"_links":{"self":[{"href":"https:\/\/www.ilmondodeitreni.it\/blog\/index.php?rest_route=\/wp\/v2\/posts\/13377","targetHints":{"allow":["GET"]}}],"collection":[{"href":"https:\/\/www.ilmondodeitreni.it\/blog\/index.php?rest_route=\/wp\/v2\/posts"}],"about":[{"href":"https:\/\/www.ilmondodeitreni.it\/blog\/index.php?rest_route=\/wp\/v2\/types\/post"}],"author":[{"embeddable":true,"href":"https:\/\/www.ilmondodeitreni.it\/blog\/index.php?rest_route=\/wp\/v2\/users\/11"}],"replies":[{"embeddable":true,"href":"https:\/\/www.ilmondodeitreni.it\/blog\/index.php?rest_route=%2Fwp%2Fv2%2Fcomments&post=13377"}],"version-history":[{"count":1,"href":"https:\/\/www.ilmondodeitreni.it\/blog\/index.php?rest_route=\/wp\/v2\/posts\/13377\/revisions"}],"predecessor-version":[{"id":13378,"href":"https:\/\/www.ilmondodeitreni.it\/blog\/index.php?rest_route=\/wp\/v2\/posts\/13377\/revisions\/13378"}],"wp:attachment":[{"href":"https:\/\/www.ilmondodeitreni.it\/blog\/index.php?rest_route=%2Fwp%2Fv2%2Fmedia&parent=13377"}],"wp:term":[{"taxonomy":"category","embeddable":true,"href":"https:\/\/www.ilmondodeitreni.it\/blog\/index.php?rest_route=%2Fwp%2Fv2%2Fcategories&post=13377"},{"taxonomy":"post_tag","embeddable":true,"href":"https:\/\/www.ilmondodeitreni.it\/blog\/index.php?rest_route=%2Fwp%2Fv2%2Ftags&post=13377"}],"curies":[{"name":"wp","href":"https:\/\/api.w.org\/{rel}","templated":true}]}}