{"id":13244,"date":"2021-08-13T15:45:55","date_gmt":"2021-08-13T13:45:55","guid":{"rendered":"http:\/\/www.ilmondodeitreni.it\/blog\/?p=13244"},"modified":"2021-08-12T23:48:45","modified_gmt":"2021-08-12T21:48:45","slug":"trenino-del-renon-il-tribunale-respinge-il-ricorso-di-sad","status":"publish","type":"post","link":"https:\/\/www.ilmondodeitreni.it\/blog\/?p=13244","title":{"rendered":"Trenino del Renon: il tribunale respinge il ricorso di SAD"},"content":{"rendered":"<p style=\"text-align: justify;\"><a href=\"http:\/\/www.ilmondodeitreni.it\/blog\/wp-content\/uploads\/2021\/04\/renon.jpg\"><img loading=\"lazy\" decoding=\"async\" class=\"alignleft size-thumbnail wp-image-12951\" src=\"http:\/\/www.ilmondodeitreni.it\/blog\/wp-content\/uploads\/2021\/04\/renon-160x112.jpg\" alt=\"\" width=\"160\" height=\"112\" srcset=\"https:\/\/www.ilmondodeitreni.it\/blog\/wp-content\/uploads\/2021\/04\/renon-160x112.jpg 160w, https:\/\/www.ilmondodeitreni.it\/blog\/wp-content\/uploads\/2021\/04\/renon-640x447.jpg 640w, https:\/\/www.ilmondodeitreni.it\/blog\/wp-content\/uploads\/2021\/04\/renon-150x105.jpg 150w, https:\/\/www.ilmondodeitreni.it\/blog\/wp-content\/uploads\/2021\/04\/renon.jpg 730w\" sizes=\"auto, (max-width: 160px) 100vw, 160px\" \/><\/a>Il 30 aprile scorso il&nbsp;Tribunale di Bolzano&nbsp;aveva confermato il sequestro conservativo dei beni funzionali, inclusi mezzi e immobili, utilizzati per la&nbsp;funivia del Renon, il&nbsp;trenino del Renon&nbsp;e la&nbsp;funicolare della Mendola. nominando come custode dei suddetti beni la societ\u00e0 provinciale STA &#8211; Strutture Trasporto Alto Adige Spa. Contro questo provvedimento,&nbsp;SAD&nbsp;aveva presentato ricorso, &nbsp;avanzando richiesta di sospensiva immediata dell\u2019esecuzione del sequestro giudiziario. L&#8217;argomento di SAD si basava sul fatto che i contratti d&#8217;affitto le conferivano la disponibilit\u00e0 di tali beni fino al 2026, indipendentemente dalla sussistenza o meno di una concessione, nel frattempo scaduta. Il Tribunale ha audito entrambe le parti e il 10 luglio ha respinto la richiesta di sospensiva di SAD, in assenza di danno immediato per le parti. Ora il Tribunale \u00e8 entrato nel merito con decisione del 5 agosto 2021 rigettando il ricorso di SAD e ritenendo invece sussistenti i motivi di sequestro, cos\u00ec come stabilito dal giudice monocratico.&nbsp; Non sussisterebbe alcuna ragione di vedere in SAD il legittimo affidatario dei beni, n\u00e9 sarebbe chiaro quale interesse avrebbe SAD &#8211; dopo la scadenza della concessione &#8211; di restare in possesso di tali beni. Il Tribunale in composizione collegiale ha anche respinto la tesi secondo cui tali beni andrebbero comunque attribuiti a SAD in forza dei contratti d&#8217;affitto in essere. Tale quesito sar\u00e0 in ogni caso da chiarire nell&#8217;ambito di un ulteriore procedimento che pende gi\u00e0 innanzi al Tribunale. Dunque STA pu\u00f2 legittimamente continuare a utilizzare tali beni per garantire il trasporto persone, ed \u00e8 stato cos\u00ec annullato un nuovo tentativo di SAD di inibire il passaggio dei beni. L&#8217;attuale giudizio \u00e8 definitivo e non pi\u00f9 appellabile da parte ricorrente. &#8220;La decisione del Tribunale di Bolzano conferma ulteriormente la bont\u00e0 della posizione della Provincia \u2013 commenta l\u2019assessore provinciale alla mobilit\u00e0&nbsp;Daniel Alfreider&nbsp;\u2013 ovvero che i&nbsp;beni finanziati con fondi pubblici&nbsp;debbono restare in mano pubblica in modo tale da poter continuare a garantire il servizio ai cittadini e alle cittadine dell&#8217;Alto Adige\u201d.&nbsp;<\/p>\n","protected":false},"excerpt":{"rendered":"<p>Il 30 aprile scorso il&nbsp;Tribunale di Bolzano&nbsp;aveva confermato il sequestro conservativo dei beni funzionali, inclusi mezzi e immobili, utilizzati per la&nbsp;funivia del Renon, il&nbsp;trenino del Renon&nbsp;e la&nbsp;funicolare della Mendola. nominando come custode dei suddetti beni la societ\u00e0 provinciale STA &#8211; Strutture Trasporto Alto Adige Spa. Contro questo provvedimento,&nbsp;SAD&nbsp;aveva presentato ricorso, &nbsp;avanzando richiesta di sospensiva immediata dell\u2019esecuzione del sequestro giudiziario. L&#8217;argomento di SAD si basava sul fatto che i contratti d&#8217;affitto\u2026<\/p>\n<p class=\"continue-reading-button\"> <a class=\"continue-reading-link\" href=\"https:\/\/www.ilmondodeitreni.it\/blog\/?p=13244\">Continua la lettura<i class=\"crycon-right-dir\"><\/i><\/a><\/p>\n","protected":false},"author":5,"featured_media":0,"comment_status":"open","ping_status":"open","sticky":false,"template":"","format":"standard","meta":{"footnotes":""},"categories":[2],"tags":[5335,4819,5510,9150,221,5656,29,8894],"class_list":["post-13244","post","type-post","status-publish","format-standard","hentry","category-news","tag-daniel-alfreider","tag-funicolare-della-mendola","tag-funivia-del-renon","tag-il-trenino-del-renon","tag-sad","tag-sta-strutture-trasporto-alto-adige-spa","tag-trasporti","tag-tribunale-di-bolzano"],"_links":{"self":[{"href":"https:\/\/www.ilmondodeitreni.it\/blog\/index.php?rest_route=\/wp\/v2\/posts\/13244","targetHints":{"allow":["GET"]}}],"collection":[{"href":"https:\/\/www.ilmondodeitreni.it\/blog\/index.php?rest_route=\/wp\/v2\/posts"}],"about":[{"href":"https:\/\/www.ilmondodeitreni.it\/blog\/index.php?rest_route=\/wp\/v2\/types\/post"}],"author":[{"embeddable":true,"href":"https:\/\/www.ilmondodeitreni.it\/blog\/index.php?rest_route=\/wp\/v2\/users\/5"}],"replies":[{"embeddable":true,"href":"https:\/\/www.ilmondodeitreni.it\/blog\/index.php?rest_route=%2Fwp%2Fv2%2Fcomments&post=13244"}],"version-history":[{"count":1,"href":"https:\/\/www.ilmondodeitreni.it\/blog\/index.php?rest_route=\/wp\/v2\/posts\/13244\/revisions"}],"predecessor-version":[{"id":13245,"href":"https:\/\/www.ilmondodeitreni.it\/blog\/index.php?rest_route=\/wp\/v2\/posts\/13244\/revisions\/13245"}],"wp:attachment":[{"href":"https:\/\/www.ilmondodeitreni.it\/blog\/index.php?rest_route=%2Fwp%2Fv2%2Fmedia&parent=13244"}],"wp:term":[{"taxonomy":"category","embeddable":true,"href":"https:\/\/www.ilmondodeitreni.it\/blog\/index.php?rest_route=%2Fwp%2Fv2%2Fcategories&post=13244"},{"taxonomy":"post_tag","embeddable":true,"href":"https:\/\/www.ilmondodeitreni.it\/blog\/index.php?rest_route=%2Fwp%2Fv2%2Ftags&post=13244"}],"curies":[{"name":"wp","href":"https:\/\/api.w.org\/{rel}","templated":true}]}}