{"id":13209,"date":"2021-07-31T00:42:20","date_gmt":"2021-07-30T22:42:20","guid":{"rendered":"http:\/\/www.ilmondodeitreni.it\/blog\/?p=13209"},"modified":"2021-07-31T00:42:20","modified_gmt":"2021-07-30T22:42:20","slug":"nasce-genova-airlink-il-nuovo-servizio-integrato-trenitalia-amt-che-collega-laeroporto-cristoforo-colombo-con-il-sistema-ferroviario-regionale-di-trenitalia","status":"publish","type":"post","link":"https:\/\/www.ilmondodeitreni.it\/blog\/?p=13209","title":{"rendered":"Nasce \u201cGenova Airlink\u201d, il nuovo servizio integrato Trenitalia \u2013 AMT che collega l\u2019Aeroporto Cristoforo Colombo con il sistema ferroviario regionale di Trenitalia."},"content":{"rendered":"<p style=\"text-align: justify;\"><img loading=\"lazy\" decoding=\"async\" class=\"alignleft size-thumbnail wp-image-4305\" src=\"http:\/\/www.ilmondodeitreni.it\/blog\/wp-content\/uploads\/2016\/05\/4606-160x93.jpg\" alt=\"\" width=\"160\" height=\"93\" srcset=\"https:\/\/www.ilmondodeitreni.it\/blog\/wp-content\/uploads\/2016\/05\/4606-160x93.jpg 160w, https:\/\/www.ilmondodeitreni.it\/blog\/wp-content\/uploads\/2016\/05\/4606.jpg 640w, https:\/\/www.ilmondodeitreni.it\/blog\/wp-content\/uploads\/2016\/05\/4606-250x145.jpg 250w, https:\/\/www.ilmondodeitreni.it\/blog\/wp-content\/uploads\/2016\/05\/4606-300x173.jpg 300w, https:\/\/www.ilmondodeitreni.it\/blog\/wp-content\/uploads\/2016\/05\/4606-150x87.jpg 150w\" sizes=\"auto, (max-width: 160px) 100vw, 160px\" \/>Al via luned\u00ec 2 agosto \u201c<em>Genova Airlink<\/em>\u201d, il nuovo collegamento diretto con autobus tra la stazione ferroviaria di Genova Sestri Ponente e l\u2019Aeroporto Cristoforo Colombo. Il servizio&nbsp;<em>Airlink<\/em>&nbsp;\u00e8 un progetto sviluppato da Trenitalia Regionale, gi\u00e0 applicato con successo in molte citt\u00e0 italiane, attivato ora anche a Genova grazie alla sinergia tra&nbsp;AMT, Trenitalia e Aeroporto di Genova finalizzata a offrire ai cittadini soluzioni efficaci di mobilit\u00e0 integrata. Il&nbsp;<em>Genova Airlink<\/em> si acquista in combinazione con i biglietti di Trenitalia rendendo cos\u00ec ancora pi\u00f9 veloce l\u2019interscambio tra aereo, treno e bus a vantaggio di turisti e cittadini liguri. In questo modo, infatti, il viaggiatore proveniente da qualsiasi localit\u00e0 fuori Genova potr\u00e0 acquistare il suo biglietto scegliendo direttamente la&nbsp;destinazione \u201cGenova Aeroporto Cristoforo Colombo\u201d, in un\u2019unica operazione su tutti i canali d\u2019acquisto Trenitalia, includendo il viaggio in treno e il collegamento&nbsp;<em>Genova Airlink<\/em> con arrivo all\u2019ingresso del Terminal. Stessa modalit\u00e0 per le persone in arrivo al Cristoforo Colombo per raggiungere in treno la destinazione finale coi i collegamenti Trenitalia per i viaggi dall\u2019aeroporto alla destinazione finale da raggiungere in treno. Il biglietto \u201cTreno+Airlink\u201d si potr\u00e0 acquistare sui diversi canali di Trenitalia: online su APP e sito trenitalia.com, in stazione servendosi delle emettitrici Self Service o presso le biglietterie Trenitalia, oppure presso le agenzie di viaggio abilitate, i punti vendita LisPaga di Lottomatica e SisalPay, E\u2019 possibile usufruire del servizio&nbsp;<em>Genova Airlink<\/em> anche da Genova, utilizzando il biglietto singolo AMT da 1,50 euro, valido su tutta la rete AMT per 100 minuti, oltre all\u2019abbonamento AMT, il biglietto integrato AMT\/Trenitalia o i biglietti turistici. Il servizio, che sostituisce l\u2019attuale Flybus, collega in 5 minuti la fermata AMT di via Cibrario, posta all\u2019altezza della passerella pedonale ferroviaria e il Terminal arrivi dell\u2019aeroporto Cristoforo Colombo.<\/p>\n<p>Airlink sar\u00e0 in servizio tutti i giorni dalle ore 6.00 alle ore 22.00 (ultima corsa da aeroporto) con una frequenza di 15 minuti<\/p>\n","protected":false},"excerpt":{"rendered":"<p>Al via luned\u00ec 2 agosto \u201cGenova Airlink\u201d, il nuovo collegamento diretto con autobus tra la stazione ferroviaria di Genova Sestri Ponente e l\u2019Aeroporto Cristoforo Colombo. Il servizio&nbsp;Airlink&nbsp;\u00e8 un progetto sviluppato da Trenitalia Regionale, gi\u00e0 applicato con successo in molte citt\u00e0 italiane, attivato ora anche a Genova grazie alla sinergia tra&nbsp;AMT, Trenitalia e Aeroporto di Genova finalizzata a offrire ai cittadini soluzioni efficaci di mobilit\u00e0 integrata. Il&nbsp;Genova Airlink si acquista in\u2026<\/p>\n<p class=\"continue-reading-button\"> <a class=\"continue-reading-link\" href=\"https:\/\/www.ilmondodeitreni.it\/blog\/?p=13209\">Continua la lettura<i class=\"crycon-right-dir\"><\/i><\/a><\/p>\n","protected":false},"author":14,"featured_media":0,"comment_status":"open","ping_status":"open","sticky":false,"template":"","format":"standard","meta":{"footnotes":""},"categories":[2],"tags":[5864,124,41,9125,69,23],"class_list":["post-13209","post","type-post","status-publish","format-standard","hentry","category-news","tag-aeroporto-cristoforo-colombo","tag-amt","tag-genova","tag-genova-airlink","tag-mobilita","tag-trenitalia"],"_links":{"self":[{"href":"https:\/\/www.ilmondodeitreni.it\/blog\/index.php?rest_route=\/wp\/v2\/posts\/13209","targetHints":{"allow":["GET"]}}],"collection":[{"href":"https:\/\/www.ilmondodeitreni.it\/blog\/index.php?rest_route=\/wp\/v2\/posts"}],"about":[{"href":"https:\/\/www.ilmondodeitreni.it\/blog\/index.php?rest_route=\/wp\/v2\/types\/post"}],"author":[{"embeddable":true,"href":"https:\/\/www.ilmondodeitreni.it\/blog\/index.php?rest_route=\/wp\/v2\/users\/14"}],"replies":[{"embeddable":true,"href":"https:\/\/www.ilmondodeitreni.it\/blog\/index.php?rest_route=%2Fwp%2Fv2%2Fcomments&post=13209"}],"version-history":[{"count":1,"href":"https:\/\/www.ilmondodeitreni.it\/blog\/index.php?rest_route=\/wp\/v2\/posts\/13209\/revisions"}],"predecessor-version":[{"id":13210,"href":"https:\/\/www.ilmondodeitreni.it\/blog\/index.php?rest_route=\/wp\/v2\/posts\/13209\/revisions\/13210"}],"wp:attachment":[{"href":"https:\/\/www.ilmondodeitreni.it\/blog\/index.php?rest_route=%2Fwp%2Fv2%2Fmedia&parent=13209"}],"wp:term":[{"taxonomy":"category","embeddable":true,"href":"https:\/\/www.ilmondodeitreni.it\/blog\/index.php?rest_route=%2Fwp%2Fv2%2Fcategories&post=13209"},{"taxonomy":"post_tag","embeddable":true,"href":"https:\/\/www.ilmondodeitreni.it\/blog\/index.php?rest_route=%2Fwp%2Fv2%2Ftags&post=13209"}],"curies":[{"name":"wp","href":"https:\/\/api.w.org\/{rel}","templated":true}]}}