{"id":13127,"date":"2021-06-23T22:27:19","date_gmt":"2021-06-23T20:27:19","guid":{"rendered":"http:\/\/www.ilmondodeitreni.it\/blog\/?p=13127"},"modified":"2021-06-23T22:27:19","modified_gmt":"2021-06-23T20:27:19","slug":"presentato-alla-camera-il-progetto-di-fnm-per-lidrogeno-in-valcamonica","status":"publish","type":"post","link":"https:\/\/www.ilmondodeitreni.it\/blog\/?p=13127","title":{"rendered":"Presentato alla Camera il progetto di FNM per l\u2019idrogeno in Valcamonica"},"content":{"rendered":"<p style=\"text-align: justify;\"><a href=\"http:\/\/www.ilmondodeitreni.it\/blog\/wp-content\/uploads\/2020\/07\/1doni-1.jpg\"><img loading=\"lazy\" decoding=\"async\" class=\"alignleft size-thumbnail wp-image-11979\" src=\"http:\/\/www.ilmondodeitreni.it\/blog\/wp-content\/uploads\/2020\/07\/1doni-1-160x120.jpg\" alt=\"\" width=\"160\" height=\"120\" srcset=\"https:\/\/www.ilmondodeitreni.it\/blog\/wp-content\/uploads\/2020\/07\/1doni-1-160x120.jpg 160w, https:\/\/www.ilmondodeitreni.it\/blog\/wp-content\/uploads\/2020\/07\/1doni-1-640x480.jpg 640w, https:\/\/www.ilmondodeitreni.it\/blog\/wp-content\/uploads\/2020\/07\/1doni-1-768x576.jpg 768w, https:\/\/www.ilmondodeitreni.it\/blog\/wp-content\/uploads\/2020\/07\/1doni-1-150x113.jpg 150w, https:\/\/www.ilmondodeitreni.it\/blog\/wp-content\/uploads\/2020\/07\/1doni-1.jpg 1024w\" sizes=\"auto, (max-width: 160px) 100vw, 160px\" \/><\/a>Il direttore generale di FNM e amministratore delegato di Trenord, Marco Piuri, \u00e8 intervenuto oggi in audizione durante la seduta della X Commissione Attivit\u00e0 produttive, commercio e turismo della Camera dei Deputati per presentare il progetto H2iseO di FNM e Trenord che realizzer\u00e0 la prima Hydrogen Valley italiana in Valcamonica, lungo la linea ferroviaria Brescia-Iseo-Edolo di FERROVIENORD. Il progetto, che per la sua portata innovativa \u00e8 considerato nel PNRR e segue le strategie europee per la decarbonizzazione, prevede l\u2019acquisto di nuovi treni alimentati a idrogeno, che serviranno dal 2023 la linea non elettrificata Brescia-Iseo-Edolo, e la realizzazione di centrali per la produzione di idrogeno, destinato inizialmente ai nuovi convogli a energia pulita.&nbsp;&nbsp;Obiettivi del progetto, per cui si stima in via preliminare un investimento complessivo di circa 300 milioni &#8211; ha spiegato Piuri \u2013 \u201c<em>sono lo sviluppo di una filiera economica e industriale dell\u2019idrogeno, a partire dal settore della mobilit\u00e0; l\u2019avvio della conversione energetica di un territorio; la completa decarbonizzazione di una parte significativa del trasporto pubblico locale. Ora \u00e8 necessario un quadro stabile di regole tecniche ed economiche e la definizione delle modalit\u00e0 di accesso ai finanziamenti che il PNRR gi\u00e0 riconosce a questo progetto<\/em>\u201d. FNM ha gi\u00e0 deliberato l\u2019acquisto di sei elettrotreni alimentati a idrogeno, che saranno realizzati da Alstom e consegnati a Trenord entro il 2023, con opzione per la fornitura di altri otto, fino a sostituire l&#8217;intera flotta della linea, oggi composta da treni diesel.&nbsp; &nbsp;Il Gruppo ha inoltre analizzato la fattibilit\u00e0 preliminare degli impianti di produzione dell\u2019idrogeno necessari per attivare il servizio ferroviario. Il primo impianto di produzione, stoccaggio e distribuzione di idrogeno sar\u00e0 realizzato tra il 2021 e il 2023 a Iseo; sar\u00e0 un impianto alimentato da biogas con abbattimento della CO2. Entro il 2025 saranno inoltre realizzati uno o due ulteriori impianti di produzione e distribuzione di idrogeno da elettrolisi (cosiddetto idrogeno verde) lungo il tracciato della ferrovia. Entro la stessa data si prevede anche di estendere la soluzione idrogeno al trasporto pubblico locale, a partire dai circa 40 mezzi gestiti in Valcamonica da FNM Autoservizi (societ\u00e0 al 100% di FNM), con la possibilit\u00e0 di aprire all&#8217;utilizzo da parte della logistica merci e\/o privata. FNM ha sottoscritto memorandum d&#8217;intesa con alcuni dei principali player del settore energetico e dell\u2019idrogeno: A2A, Enel Green Power, ENI, Sapio, SNAM. Il Gruppo ha inoltre dato disponibilit\u00e0 per condividere l&#8217;esperienza maturata con altri operatori, con i Ministeri competenti, con ANSFISA, con Vigili del Fuoco ed enti locali. \u00c8 previsto l&#8217;avvio di tavoli di lavoro con operatori ferroviari europei che stanno avviando progetti con caratteristiche e tempistiche simili.<\/p>\n","protected":false},"excerpt":{"rendered":"<p>Il direttore generale di FNM e amministratore delegato di Trenord, Marco Piuri, \u00e8 intervenuto oggi in audizione durante la seduta della X Commissione Attivit\u00e0 produttive, commercio e turismo della Camera dei Deputati per presentare il progetto H2iseO di FNM e Trenord che realizzer\u00e0 la prima Hydrogen Valley italiana in Valcamonica, lungo la linea ferroviaria Brescia-Iseo-Edolo di FERROVIENORD. Il progetto, che per la sua portata innovativa \u00e8 considerato nel PNRR e\u2026<\/p>\n<p class=\"continue-reading-button\"> <a class=\"continue-reading-link\" href=\"https:\/\/www.ilmondodeitreni.it\/blog\/?p=13127\">Continua la lettura<i class=\"crycon-right-dir\"><\/i><\/a><\/p>\n","protected":false},"author":1,"featured_media":0,"comment_status":"open","ping_status":"open","sticky":false,"template":"","format":"standard","meta":{"footnotes":""},"categories":[2],"tags":[9070,83,2989,9071,78,5,4225,6339,4341,5664,9069,9072,5521,155,8566,9068],"class_list":["post-13127","post","type-post","status-publish","format-standard","hentry","category-news","tag-a2a","tag-alstom","tag-camera-dei-deputati","tag-enel-green-power","tag-eni","tag-ferrovie","tag-fnm","tag-idrogeno","tag-iseo","tag-marco-piuri","tag-progetto-h2iseo","tag-sapio","tag-snam","tag-trenord","tag-valcamonica","tag-x-commissione-attivita-produttive"],"_links":{"self":[{"href":"https:\/\/www.ilmondodeitreni.it\/blog\/index.php?rest_route=\/wp\/v2\/posts\/13127","targetHints":{"allow":["GET"]}}],"collection":[{"href":"https:\/\/www.ilmondodeitreni.it\/blog\/index.php?rest_route=\/wp\/v2\/posts"}],"about":[{"href":"https:\/\/www.ilmondodeitreni.it\/blog\/index.php?rest_route=\/wp\/v2\/types\/post"}],"author":[{"embeddable":true,"href":"https:\/\/www.ilmondodeitreni.it\/blog\/index.php?rest_route=\/wp\/v2\/users\/1"}],"replies":[{"embeddable":true,"href":"https:\/\/www.ilmondodeitreni.it\/blog\/index.php?rest_route=%2Fwp%2Fv2%2Fcomments&post=13127"}],"version-history":[{"count":1,"href":"https:\/\/www.ilmondodeitreni.it\/blog\/index.php?rest_route=\/wp\/v2\/posts\/13127\/revisions"}],"predecessor-version":[{"id":13128,"href":"https:\/\/www.ilmondodeitreni.it\/blog\/index.php?rest_route=\/wp\/v2\/posts\/13127\/revisions\/13128"}],"wp:attachment":[{"href":"https:\/\/www.ilmondodeitreni.it\/blog\/index.php?rest_route=%2Fwp%2Fv2%2Fmedia&parent=13127"}],"wp:term":[{"taxonomy":"category","embeddable":true,"href":"https:\/\/www.ilmondodeitreni.it\/blog\/index.php?rest_route=%2Fwp%2Fv2%2Fcategories&post=13127"},{"taxonomy":"post_tag","embeddable":true,"href":"https:\/\/www.ilmondodeitreni.it\/blog\/index.php?rest_route=%2Fwp%2Fv2%2Ftags&post=13127"}],"curies":[{"name":"wp","href":"https:\/\/api.w.org\/{rel}","templated":true}]}}