{"id":13105,"date":"2021-06-08T06:07:11","date_gmt":"2021-06-08T04:07:11","guid":{"rendered":"http:\/\/www.ilmondodeitreni.it\/blog\/?p=13105"},"modified":"2021-06-08T02:11:24","modified_gmt":"2021-06-08T00:11:24","slug":"in-occasione-della-giornata-internazionale-dei-bambini-a-kharkiv-mala-pivdenna-ha-iniziato-la-stagione-dei-treni","status":"publish","type":"post","link":"https:\/\/www.ilmondodeitreni.it\/blog\/?p=13105","title":{"rendered":"In occasione della Giornata internazionale dei bambini, a Kharkiv Mala Pivdenna ha iniziato la stagione dei treni"},"content":{"rendered":"<p style=\"text-align: justify;\"><a href=\"http:\/\/www.ilmondodeitreni.it\/blog\/wp-content\/uploads\/2021\/06\/71058273.jpg\"><img loading=\"lazy\" decoding=\"async\" class=\"alignleft size-thumbnail wp-image-13106\" src=\"http:\/\/www.ilmondodeitreni.it\/blog\/wp-content\/uploads\/2021\/06\/71058273-160x113.jpg\" alt=\"\" width=\"160\" height=\"113\" srcset=\"https:\/\/www.ilmondodeitreni.it\/blog\/wp-content\/uploads\/2021\/06\/71058273-160x113.jpg 160w, https:\/\/www.ilmondodeitreni.it\/blog\/wp-content\/uploads\/2021\/06\/71058273-640x451.jpg 640w, https:\/\/www.ilmondodeitreni.it\/blog\/wp-content\/uploads\/2021\/06\/71058273-768x541.jpg 768w, https:\/\/www.ilmondodeitreni.it\/blog\/wp-content\/uploads\/2021\/06\/71058273-150x106.jpg 150w, https:\/\/www.ilmondodeitreni.it\/blog\/wp-content\/uploads\/2021\/06\/71058273.jpg 1024w\" sizes=\"auto, (max-width: 160px) 100vw, 160px\" \/><\/a>In occasione della Giornata internazionale dei bambini, la ferrovia dei bambini di Mala Pivdenna ha ripreso le operazioni dopo la quarantena. All&#8217;apertura della stagione ferroviaria hanno preso parte Mykola Umanets, direttore esecutivo del ramo regionale delle Ferrovie del Sud, responsabili dei servizi dell&#8217;autostrada del sud e Yevhen Vodovozov, vicesindaco di Kharkiv per le infrastrutture. Il 1 giugno, la ferrovia dei bambini ha accolto i primi visitatori completamente rinnovata ed \u00e8 rimasta piacevolmente colpita dal moderno design paesaggistico, che non \u00e8 inferiore ai migliori parchi europei. Ospiti e alunni di Malaya Pivdenna hanno fatto viaggi di vacanza con i treni &#8220;Ucraina&#8221; e &#8220;Giovani del sud&#8221;, hanno preso parte a vari concorsi e quiz, hanno visitato il Museo della storia della ferrovia dei bambini. Mykola Umanets, direttore esecutivo della filiale regionale delle ferrovie meridionali di Ukrzaliznytsia JSC, ha ringraziato tutti coloro che forniscono lavoro per la ferrovia dei bambini e organizzano la formazione per i giovani lavoratori delle ferrovie e si sono congratulati con i bambini per l&#8217;inizio della nuova stagione. Si ricorda che nel 2021 la ferrovia per bambini Mala Pivdenna funzioner\u00e0 dal 1 giugno al 31 ottobre. A giugno, luglio e agosto &#8211; tutti i giorni, tranne il luned\u00ec e il marted\u00ec. A settembre e ottobre &#8211; sabato, domenica e festivi. I giovani ferrovieri stanno aspettando i residenti di Kharkiv e gli ospiti della citt\u00e0 all&#8217;indirizzo: Kharkiv, street&nbsp;Sumi, 81.<\/p>\n","protected":false},"excerpt":{"rendered":"<p>In occasione della Giornata internazionale dei bambini, la ferrovia dei bambini di Mala Pivdenna ha ripreso le operazioni dopo la quarantena. All&#8217;apertura della stagione ferroviaria hanno preso parte Mykola Umanets, direttore esecutivo del ramo regionale delle Ferrovie del Sud, responsabili dei servizi dell&#8217;autostrada del sud e Yevhen Vodovozov, vicesindaco di Kharkiv per le infrastrutture. Il 1 giugno, la ferrovia dei bambini ha accolto i primi visitatori completamente rinnovata ed \u00e8\u2026<\/p>\n<p class=\"continue-reading-button\"> <a class=\"continue-reading-link\" href=\"https:\/\/www.ilmondodeitreni.it\/blog\/?p=13105\">Continua la lettura<i class=\"crycon-right-dir\"><\/i><\/a><\/p>\n","protected":false},"author":6,"featured_media":0,"comment_status":"open","ping_status":"open","sticky":false,"template":"","format":"standard","meta":{"footnotes":""},"categories":[6734,11],"tags":[9040,3161,9041,9042,62,285,9043],"class_list":["post-13105","post","type-post","status-publish","format-standard","hentry","category-ferrovie-dei-bambini","category-news-estero","tag-giornata-internazionale-dei-bambini","tag-kharkiv","tag-mala-pivdenna","tag-nykola-umanets","tag-ucraina","tag-ukrzaliznytsia","tag-yevhen-vodovozov"],"_links":{"self":[{"href":"https:\/\/www.ilmondodeitreni.it\/blog\/index.php?rest_route=\/wp\/v2\/posts\/13105","targetHints":{"allow":["GET"]}}],"collection":[{"href":"https:\/\/www.ilmondodeitreni.it\/blog\/index.php?rest_route=\/wp\/v2\/posts"}],"about":[{"href":"https:\/\/www.ilmondodeitreni.it\/blog\/index.php?rest_route=\/wp\/v2\/types\/post"}],"author":[{"embeddable":true,"href":"https:\/\/www.ilmondodeitreni.it\/blog\/index.php?rest_route=\/wp\/v2\/users\/6"}],"replies":[{"embeddable":true,"href":"https:\/\/www.ilmondodeitreni.it\/blog\/index.php?rest_route=%2Fwp%2Fv2%2Fcomments&post=13105"}],"version-history":[{"count":1,"href":"https:\/\/www.ilmondodeitreni.it\/blog\/index.php?rest_route=\/wp\/v2\/posts\/13105\/revisions"}],"predecessor-version":[{"id":13107,"href":"https:\/\/www.ilmondodeitreni.it\/blog\/index.php?rest_route=\/wp\/v2\/posts\/13105\/revisions\/13107"}],"wp:attachment":[{"href":"https:\/\/www.ilmondodeitreni.it\/blog\/index.php?rest_route=%2Fwp%2Fv2%2Fmedia&parent=13105"}],"wp:term":[{"taxonomy":"category","embeddable":true,"href":"https:\/\/www.ilmondodeitreni.it\/blog\/index.php?rest_route=%2Fwp%2Fv2%2Fcategories&post=13105"},{"taxonomy":"post_tag","embeddable":true,"href":"https:\/\/www.ilmondodeitreni.it\/blog\/index.php?rest_route=%2Fwp%2Fv2%2Ftags&post=13105"}],"curies":[{"name":"wp","href":"https:\/\/api.w.org\/{rel}","templated":true}]}}