{"id":13064,"date":"2021-05-21T12:02:59","date_gmt":"2021-05-21T10:02:59","guid":{"rendered":"http:\/\/www.ilmondodeitreni.it\/blog\/?p=13064"},"modified":"2021-05-21T12:08:18","modified_gmt":"2021-05-21T10:08:18","slug":"trasporto-merci-intesa-tra-fnm-e-sea-per-sviluppo-intermodalita-ferro-aria","status":"publish","type":"post","link":"https:\/\/www.ilmondodeitreni.it\/blog\/?p=13064","title":{"rendered":"Trasporto merci, intesa tra FNM e SEA per sviluppo intermodalit\u00e0 ferro\/aria"},"content":{"rendered":"<p><a href=\"http:\/\/www.ilmondodeitreni.it\/blog\/wp-content\/uploads\/2019\/12\/DE520E189_anagni.jpg\"><img loading=\"lazy\" decoding=\"async\" class=\"alignleft size-thumbnail wp-image-10408\" src=\"http:\/\/www.ilmondodeitreni.it\/blog\/wp-content\/uploads\/2019\/12\/DE520E189_anagni-160x120.jpg\" alt=\"\" width=\"160\" height=\"120\" srcset=\"https:\/\/www.ilmondodeitreni.it\/blog\/wp-content\/uploads\/2019\/12\/DE520E189_anagni-160x120.jpg 160w, https:\/\/www.ilmondodeitreni.it\/blog\/wp-content\/uploads\/2019\/12\/DE520E189_anagni-640x480.jpg 640w, https:\/\/www.ilmondodeitreni.it\/blog\/wp-content\/uploads\/2019\/12\/DE520E189_anagni-768x576.jpg 768w, https:\/\/www.ilmondodeitreni.it\/blog\/wp-content\/uploads\/2019\/12\/DE520E189_anagni-200x150.jpg 200w, https:\/\/www.ilmondodeitreni.it\/blog\/wp-content\/uploads\/2019\/12\/DE520E189_anagni-150x113.jpg 150w, https:\/\/www.ilmondodeitreni.it\/blog\/wp-content\/uploads\/2019\/12\/DE520E189_anagni.jpg 800w\" sizes=\"auto, (max-width: 160px) 100vw, 160px\" \/><\/a>Realizzare iniziative congiunte dedicate allo sviluppo dell\u2019intermodalit\u00e0 ferro\/aria e della mobilit\u00e0 sostenibile nell\u2019ambito dei processi logistici, con l\u2019obiettivo di valorizzare il terminal ferroviario di Sacconago e l\u2019ampia area della Cargo City dell\u2019aeroporto di Milano Malpensa di oltre 500.000 m2, infrastrutture per il traffico merci entrambe situate nel comprensorio di Malpensa. Il presidente di FNM <strong>Andrea Gibelli<\/strong> e l\u2019amministratore delegato e direttore generale di SEA <strong>Armando Brunini<\/strong> hanno firmato un protocollo d\u2019intesa per avviare una collaborazione in questo campo. Scopo dell\u2019intesa \u00e8 studiare un potenziale mercato di comune interesse e sviluppare iniziative sinergiche per rafforzare la posizione di Malpensa Intermodale S.r.l. e Malpensa Distripark S.r.l. (societ\u00e0 che hanno il compito di gestire e sviluppare il terminal) e di Malpensa Cargo City, dove oggi transita oltre il 60% del totale delle merci aeree trasportate in Italia.<\/p>\n<p style=\"text-align: justify;\">Pi\u00f9 nel dettaglio, FNM e SEA mirano a conseguire questi obiettivi specifici.<\/p>\n<p style=\"text-align: justify;\">1)&nbsp;&nbsp;&nbsp;&nbsp;&nbsp; Studio delle possibili integrazioni tra le&nbsp;attivit\u00e0 dei terminal merci aeree e del&nbsp;terminal intermodale ferro-strada in una prospettiva di gestione complementare dei rispettivi flussi di merci e di una proposta di mercato condivisa attraverso le piattaforme logistiche di rispettiva competenza.<\/p>\n<p style=\"text-align: justify;\">2)&nbsp;&nbsp;&nbsp;&nbsp;&nbsp; Sviluppo di sinergie tra differenti modalit\u00e0 di trasporto mediante l\u2019integrazione di evoluzioni tecnologiche e soluzioni orientate alla sostenibilit\u00e0 economica, sociale e ambientale.<\/p>\n<p style=\"text-align: justify;\">3)&nbsp;&nbsp;&nbsp;&nbsp;&nbsp; Valorizzazione delle rispettive infrastrutture per il traffico merci situate nel comprensorio di Malpensa.<\/p>\n<p style=\"text-align: justify;\">4)&nbsp;&nbsp;&nbsp;&nbsp;&nbsp; Ampliamento del ventaglio di servizi da offrire alla clientela.<\/p>\n<p style=\"text-align: justify;\">La collaborazione si svilupper\u00e0 attraverso l\u2019attivit\u00e0 di un Gruppo di Lavoro composto da specialisti di entrambe le Societ\u00e0. Questo organismo individuer\u00e0 le modalit\u00e0 di attuazione di ogni specifico progetto di cui FNM e SEA riterranno opportuna la realizzazione.<\/p>\n<p style=\"text-align: justify;\">\u201c<em>La gestione del terminal di Sacconago tramite le societ\u00e0 Malpensa Intermodale e Malpensa Distripark e &nbsp;l\u2019impegno del Gruppo FNM nello sviluppo del settore della logistica<\/em> \u2013 spiega il presidente di FNM Andrea Gibelli \u2013 <em>rappresentano un patrimonio che vogliamo mettere a disposizione per offrire alla Regione, alle sue aziende e alla sua imprenditorialit\u00e0 soluzioni innovative in linea con i valori di FNM: sostenibilit\u00e0 e attenzione al territorio e al suo sviluppo. Lavoriamo per&nbsp;individuare&nbsp;e promuovere un sistema di trasporti integrato che&nbsp; minimizzi l\u2019impatto sull\u2019ambiente\u201d.<\/em><\/p>\n<p style=\"text-align: justify;\"><em>\u201cSiamo costantemente impegnati a migliorare i servizi di Malpensa per i passeggeri e per le merci. Lo sviluppo dell\u2019intermodalit\u00e0 ferro\/aria \u00e8 una delle strategie che abbiamo deciso di intraprendere per ridurre l\u2019impatto ambientale. \u2013 <\/em>dichiara Armando Brunini, amministratore delegato SEA<em> \u2013 La firma del Memorandum ci permetter\u00e0 di aumentare la quantit\u00e0 di merce che raggiunger\u00e0 Malpensa via ferro, sviluppando nuove opportunit\u00e0 di business per gli operatori e per il territorio, contenendone gli impatti\u201d.<\/em><\/p>\n","protected":false},"excerpt":{"rendered":"<p>Realizzare iniziative congiunte dedicate allo sviluppo dell\u2019intermodalit\u00e0 ferro\/aria e della mobilit\u00e0 sostenibile nell\u2019ambito dei processi logistici, con l\u2019obiettivo di valorizzare il terminal ferroviario di Sacconago e l\u2019ampia area della Cargo City dell\u2019aeroporto di Milano Malpensa di oltre 500.000 m2, infrastrutture per il traffico merci entrambe situate nel comprensorio di Malpensa. Il presidente di FNM Andrea Gibelli e l\u2019amministratore delegato e direttore generale di SEA Armando Brunini hanno firmato un protocollo\u2026<\/p>\n<p class=\"continue-reading-button\"> <a class=\"continue-reading-link\" href=\"https:\/\/www.ilmondodeitreni.it\/blog\/?p=13064\">Continua la lettura<i class=\"crycon-right-dir\"><\/i><\/a><\/p>\n","protected":false},"author":10,"featured_media":0,"comment_status":"open","ping_status":"open","sticky":false,"template":"","format":"standard","meta":{"footnotes":""},"categories":[2],"tags":[5663,9005,9004,5,4225,1220,1095,2020,8627,4541,29],"class_list":["post-13064","post","type-post","status-publish","format-standard","hentry","category-news","tag-andrea-gibelli","tag-armando-brunini","tag-cargo-city","tag-ferrovie","tag-fnm","tag-intermodalita","tag-logistica","tag-malpensa","tag-sacconago","tag-sea","tag-trasporti"],"_links":{"self":[{"href":"https:\/\/www.ilmondodeitreni.it\/blog\/index.php?rest_route=\/wp\/v2\/posts\/13064","targetHints":{"allow":["GET"]}}],"collection":[{"href":"https:\/\/www.ilmondodeitreni.it\/blog\/index.php?rest_route=\/wp\/v2\/posts"}],"about":[{"href":"https:\/\/www.ilmondodeitreni.it\/blog\/index.php?rest_route=\/wp\/v2\/types\/post"}],"author":[{"embeddable":true,"href":"https:\/\/www.ilmondodeitreni.it\/blog\/index.php?rest_route=\/wp\/v2\/users\/10"}],"replies":[{"embeddable":true,"href":"https:\/\/www.ilmondodeitreni.it\/blog\/index.php?rest_route=%2Fwp%2Fv2%2Fcomments&post=13064"}],"version-history":[{"count":3,"href":"https:\/\/www.ilmondodeitreni.it\/blog\/index.php?rest_route=\/wp\/v2\/posts\/13064\/revisions"}],"predecessor-version":[{"id":13067,"href":"https:\/\/www.ilmondodeitreni.it\/blog\/index.php?rest_route=\/wp\/v2\/posts\/13064\/revisions\/13067"}],"wp:attachment":[{"href":"https:\/\/www.ilmondodeitreni.it\/blog\/index.php?rest_route=%2Fwp%2Fv2%2Fmedia&parent=13064"}],"wp:term":[{"taxonomy":"category","embeddable":true,"href":"https:\/\/www.ilmondodeitreni.it\/blog\/index.php?rest_route=%2Fwp%2Fv2%2Fcategories&post=13064"},{"taxonomy":"post_tag","embeddable":true,"href":"https:\/\/www.ilmondodeitreni.it\/blog\/index.php?rest_route=%2Fwp%2Fv2%2Ftags&post=13064"}],"curies":[{"name":"wp","href":"https:\/\/api.w.org\/{rel}","templated":true}]}}