{"id":1266,"date":"2015-02-03T13:15:58","date_gmt":"2015-02-03T12:15:58","guid":{"rendered":"http:\/\/www.ilmondodeitreni.it\/blog\/?p=1266"},"modified":"2020-04-22T21:15:46","modified_gmt":"2020-04-22T19:15:46","slug":"etiopia-inaugurata-la-nuova-metropolitana-leggera-di-addis-abeba","status":"publish","type":"post","link":"https:\/\/www.ilmondodeitreni.it\/blog\/?p=1266","title":{"rendered":"Etiopia:  inaugurata la nuova metropolitana leggera di Addis Abeba"},"content":{"rendered":"<p style=\"text-align: justify;\"><a href=\"http:\/\/www.ilmondodeitreni.it\/blog\/wp-content\/uploads\/2015\/02\/tn_et-addisababa-tram-launch.jpg\"><img loading=\"lazy\" decoding=\"async\" class=\"alignleft size-thumbnail wp-image-1267\" src=\"http:\/\/www.ilmondodeitreni.it\/blog\/wp-content\/uploads\/2015\/02\/tn_et-addisababa-tram-launch-160x120.jpg\" alt=\"tn_et-addisababa-tram-launch\" width=\"160\" height=\"120\" srcset=\"https:\/\/www.ilmondodeitreni.it\/blog\/wp-content\/uploads\/2015\/02\/tn_et-addisababa-tram-launch-160x120.jpg 160w, https:\/\/www.ilmondodeitreni.it\/blog\/wp-content\/uploads\/2015\/02\/tn_et-addisababa-tram-launch-640x480.jpg 640w, https:\/\/www.ilmondodeitreni.it\/blog\/wp-content\/uploads\/2015\/02\/tn_et-addisababa-tram-launch.jpg 1024w, https:\/\/www.ilmondodeitreni.it\/blog\/wp-content\/uploads\/2015\/02\/tn_et-addisababa-tram-launch-200x150.jpg 200w, https:\/\/www.ilmondodeitreni.it\/blog\/wp-content\/uploads\/2015\/02\/tn_et-addisababa-tram-launch-150x113.jpg 150w\" sizes=\"auto, (max-width: 160px) 100vw, 160px\" \/><\/a> <img loading=\"lazy\" decoding=\"async\" class=\"alignleft size-thumbnail wp-image-1268\" src=\"http:\/\/www.ilmondodeitreni.it\/blog\/wp-content\/uploads\/2015\/02\/tn_et-addisababa-tram-interior-160x120.jpg\" alt=\"tn_et-addisababa-tram-interior\" width=\"160\" height=\"120\" srcset=\"https:\/\/www.ilmondodeitreni.it\/blog\/wp-content\/uploads\/2015\/02\/tn_et-addisababa-tram-interior-160x120.jpg 160w, https:\/\/www.ilmondodeitreni.it\/blog\/wp-content\/uploads\/2015\/02\/tn_et-addisababa-tram-interior-640x480.jpg 640w, https:\/\/www.ilmondodeitreni.it\/blog\/wp-content\/uploads\/2015\/02\/tn_et-addisababa-tram-interior.jpg 1024w, https:\/\/www.ilmondodeitreni.it\/blog\/wp-content\/uploads\/2015\/02\/tn_et-addisababa-tram-interior-200x150.jpg 200w, https:\/\/www.ilmondodeitreni.it\/blog\/wp-content\/uploads\/2015\/02\/tn_et-addisababa-tram-interior-150x113.jpg 150w\" sizes=\"auto, (max-width: 160px) 100vw, 160px\" \/><span style=\"font-size: 12pt;\">E\u2019 stato&nbsp;svolto ieri, alla presenza del Primo Ministro dell\u2019Etiopia Hailemariam Dessalegn, del suo vice Demeke Mekonnen, del Ministro degli Esteri Dr Tedros Adhanom e del sindaco di Addis Abeba, Dirba Kuma, il viaggio di prova della nuova metropolitana leggera cittadina, la cui apertura al pubblico \u00e8 prevista per il mese di Maggio.&nbsp;&nbsp;La corsa prova si \u00e8 svolta&nbsp;lungo i&nbsp;9 km della linea Kaliti &#8211; Meskel Square parte della rete, che avr\u00e0 due linee in esecuzione: una di &nbsp;16,9 km con orientamento nord-sud da Menelik Square per Kaliti ed una da&nbsp;17,4 km&nbsp;con orientamento&nbsp;est-ovest da Ayat a Tor Hailoch , con una sezione condivisa di 2 ,7 km&nbsp; tra Lideta e Meskel Square. Il sindaco Driba Kuma ha detto che il progetto, del valore di &nbsp;75 milioni di&nbsp;$&nbsp;\u00e8&nbsp;&nbsp;&#8220;una testimonianza della feconda viaggio verso rinascita etiope&#8221; . La nuova linea parla cinese: China Railway Eryuan Engineering Group ha iniziato la costruzione dell&#8217;opera nel gennaio 2012 nell&#8217;ambito di un contratto firmato nel giugno 2009. Cina Export-Import Bank ha concesso prestiti per coprire l&#8217;85% del costo complessivo di &nbsp;475 milioni di&nbsp;$ . Huawei ha fornito i sistemi di telecomunicazioni e le attrezzature per la bigliettazione , mentre CNR Changchun ha fornito 41 veicoli a tre&nbsp;casse a pianale parzialmente&nbsp; ribassato . Questi sono progettati per funzionare in coppia fino a 70 km \/ h ed hanno&nbsp; vetri oscurati e componenti in gomma&nbsp;progettati per &nbsp;resistere all&#8217;&nbsp;invecchiamento precoce dovuto agli&nbsp;effetti della forte luce solare dovuta all&#8217;altitudine della capitale etiope. Il primo ministro Hailemariam Desalegn ha ringraziato gli abitanti della citt\u00e0 per la loro pazienza durante la costruzione della linea che&nbsp;contribuir\u00e0 a&nbsp;risolvere i problemi di trasporto in citt\u00e0 e ridurre le emissioni inquinanti.<\/span><\/p>\n","protected":false},"excerpt":{"rendered":"<p>E\u2019 stato&nbsp;svolto ieri, alla presenza del Primo Ministro dell\u2019Etiopia Hailemariam Dessalegn, del suo vice Demeke Mekonnen, del Ministro degli Esteri Dr Tedros Adhanom e del sindaco di Addis Abeba, Dirba Kuma, il viaggio di prova della nuova metropolitana leggera cittadina, la cui apertura al pubblico \u00e8 prevista per il mese di Maggio.&nbsp;&nbsp;La corsa prova si \u00e8 svolta&nbsp;lungo i&nbsp;9 km della linea Kaliti &#8211; Meskel Square parte della rete, che avr\u00e0\u2026<\/p>\n<p class=\"continue-reading-button\"> <a class=\"continue-reading-link\" href=\"https:\/\/www.ilmondodeitreni.it\/blog\/?p=1266\">Continua la lettura<i class=\"crycon-right-dir\"><\/i><\/a><\/p>\n","protected":false},"author":6,"featured_media":0,"comment_status":"closed","ping_status":"closed","sticky":false,"template":"","format":"standard","meta":{"footnotes":""},"categories":[11],"tags":[892,896,178,898,899,894,891,893,897,895,82],"class_list":["post-1266","post","type-post","status-publish","format-standard","hentry","category-news-estero","tag-addis-abeba","tag-china-railway-eryuan-engineering-group","tag-cina","tag-cina-export-import-bank","tag-cnr-changchun","tag-dirba-kuma","tag-etiopia","tag-hailemariam-dessalegn","tag-huawei","tag-tedros-adhanom","tag-tram"],"_links":{"self":[{"href":"https:\/\/www.ilmondodeitreni.it\/blog\/index.php?rest_route=\/wp\/v2\/posts\/1266","targetHints":{"allow":["GET"]}}],"collection":[{"href":"https:\/\/www.ilmondodeitreni.it\/blog\/index.php?rest_route=\/wp\/v2\/posts"}],"about":[{"href":"https:\/\/www.ilmondodeitreni.it\/blog\/index.php?rest_route=\/wp\/v2\/types\/post"}],"author":[{"embeddable":true,"href":"https:\/\/www.ilmondodeitreni.it\/blog\/index.php?rest_route=\/wp\/v2\/users\/6"}],"replies":[{"embeddable":true,"href":"https:\/\/www.ilmondodeitreni.it\/blog\/index.php?rest_route=%2Fwp%2Fv2%2Fcomments&post=1266"}],"version-history":[{"count":3,"href":"https:\/\/www.ilmondodeitreni.it\/blog\/index.php?rest_route=\/wp\/v2\/posts\/1266\/revisions"}],"predecessor-version":[{"id":10800,"href":"https:\/\/www.ilmondodeitreni.it\/blog\/index.php?rest_route=\/wp\/v2\/posts\/1266\/revisions\/10800"}],"wp:attachment":[{"href":"https:\/\/www.ilmondodeitreni.it\/blog\/index.php?rest_route=%2Fwp%2Fv2%2Fmedia&parent=1266"}],"wp:term":[{"taxonomy":"category","embeddable":true,"href":"https:\/\/www.ilmondodeitreni.it\/blog\/index.php?rest_route=%2Fwp%2Fv2%2Fcategories&post=1266"},{"taxonomy":"post_tag","embeddable":true,"href":"https:\/\/www.ilmondodeitreni.it\/blog\/index.php?rest_route=%2Fwp%2Fv2%2Ftags&post=1266"}],"curies":[{"name":"wp","href":"https:\/\/api.w.org\/{rel}","templated":true}]}}