{"id":12653,"date":"2021-02-02T15:49:51","date_gmt":"2021-02-02T14:49:51","guid":{"rendered":"http:\/\/www.ilmondodeitreni.it\/blog\/?p=12653"},"modified":"2021-02-02T13:52:07","modified_gmt":"2021-02-02T12:52:07","slug":"rfi-verona-porta-nuova-apre-la-nuova-sala-blu-piu-comfort-per-i-viaggi-delle-persone-a-mobilita-ridotta","status":"publish","type":"post","link":"https:\/\/www.ilmondodeitreni.it\/blog\/?p=12653","title":{"rendered":"RFI &#8211; Verona Porta Nuova: apre la nuova sala blu. Pi\u00f9 comfort per i viaggi delle persone a mobilit\u00e0 ridotta"},"content":{"rendered":"<p style=\"text-align: justify;\"><a href=\"http:\/\/www.ilmondodeitreni.it\/blog\/2017\/01\/16\/rfi-sale-blu-nuovo-numero-telefonico-per-assistenza-passeggeri-a-ridotta-mobilita\/sala_blu_foglia\/\" rel=\"attachment wp-att-5302\"><img loading=\"lazy\" decoding=\"async\" class=\"alignleft size-thumbnail wp-image-5302\" src=\"http:\/\/www.ilmondodeitreni.it\/blog\/wp-content\/uploads\/2017\/01\/Sala_blu_foglia-160x58.jpg\" alt=\"\" width=\"160\" height=\"58\" srcset=\"https:\/\/www.ilmondodeitreni.it\/blog\/wp-content\/uploads\/2017\/01\/Sala_blu_foglia-160x58.jpg 160w, https:\/\/www.ilmondodeitreni.it\/blog\/wp-content\/uploads\/2017\/01\/Sala_blu_foglia-640x231.jpg 640w, https:\/\/www.ilmondodeitreni.it\/blog\/wp-content\/uploads\/2017\/01\/Sala_blu_foglia-250x90.jpg 250w, https:\/\/www.ilmondodeitreni.it\/blog\/wp-content\/uploads\/2017\/01\/Sala_blu_foglia-300x108.jpg 300w, https:\/\/www.ilmondodeitreni.it\/blog\/wp-content\/uploads\/2017\/01\/Sala_blu_foglia-150x54.jpg 150w, https:\/\/www.ilmondodeitreni.it\/blog\/wp-content\/uploads\/2017\/01\/Sala_blu_foglia.jpg 1000w\" sizes=\"auto, (max-width: 160px) 100vw, 160px\" \/><\/a>A Verona Porta Nuova le persone con disabilit\u00e0 e a ridotta mobilit\u00e0 anche temporanea potranno beneficiare dei servizi di una nuova Sala Blu. Pi\u00f9 spaziosa, riconoscibile e confortevole, la nuova Sala Blu \u00e8 stata realizzata da Rete Ferroviaria Italiana (Gruppo FS Italiane) secondo nuovi standard di progettazione ed \u00e8 collocata nel corpo centrale della stazione, in prossimit\u00e0 dei principali servizi per la clientela. Costituito da 14 Sale con sede nei principali scali italiani e una nazionale, il circuito delle Sale Blu garantisce in oltre 330 stazioni l\u2019assistenza dei passeggeri con disabilit\u00e0 e a ridotta mobilit\u00e0 (PRM) che desiderano fruire del servizio di tutte le Imprese Ferroviarie. Un servizio, quello delle Sale Blu, che quest\u2019anno celebra i 10 anni di attivit\u00e0. Nel 2020, nonostante l\u2019emergenza sanitaria tuttora in corso, sono stati circa 8 mila gli interventi di assistenza gestiti dalla Sala Blu di Verona, di questi oltre il 40% riguardano la stazione di Verona Porta Nuova.<\/p>\n<p style=\"text-align: justify;\">La Sala Blu di Verona \u00e8 aperta tutti i giorni dalle 6.45 alle 21.30 e coordina i servizi di assistenza in 18 stazioni dislocate in tre diverse Regioni (Veneto, Trentino Alto Adige e Lombardia). Per prenotare il servizio \u00e8 possibile inviare una mail a&nbsp;<a href=\"mailto:salablu.verona@rfi.it\">salablu.verona@rfi.it<\/a>, oppure telefonare al numero verde gratuito 800.90.60.60 (da telefono fisso) o al numero nazionale a tariffazione ordinaria 02.32.32.32 (da telefono fisso e da cellulare). Inoltre, grazie all\u2019app SalaBlu+ e al portale Sala Blu on line \u00e8 possibile richiedere l\u2019assistenza direttamente dal web. In base alle vigenti norme relative all&#8217;emergenza sanitaria, sono in vigore misure restrittive sui tempi di preavviso per la prenotazione del servizio che, per tutti gli impianti, deve essere richiesto con 24 ore di anticipo. Maggiori informazioni su&nbsp;<a href=\"http:\/\/www.rfi.it\/\">www.rfi.it<\/a>&nbsp;nella sezione&nbsp;<a href=\"https:\/\/www.rfi.it\/it\/stazioni\/pagine-stazioni\/accessibilita\/sale-blu.html\">Accessibilit\u00e0 stazioni<\/a>.<\/p>\n<p style=\"text-align: justify;\">Con la nuova Sala Blu di Verona, il Gruppo FS Italiane intende essere ancora pi\u00f9 vicino alle persone che ogni giorno viaggiano in treno e utilizzano le stazioni.<\/p>\n<p style=\"text-align: justify;\">Parallelamente prosegue il programma di interventi di natura strutturale e tecnologica che RFI sta gradualmente portando avanti&nbsp;in tutte le proprie stazioni, con l\u2019obiettivo di eliminare le barriere architettoniche e assicurare a tutti i viaggiatori la completa autonomia negli spostamenti.<\/p>\n","protected":false},"excerpt":{"rendered":"<p>A Verona Porta Nuova le persone con disabilit\u00e0 e a ridotta mobilit\u00e0 anche temporanea potranno beneficiare dei servizi di una nuova Sala Blu. Pi\u00f9 spaziosa, riconoscibile e confortevole, la nuova Sala Blu \u00e8 stata realizzata da Rete Ferroviaria Italiana (Gruppo FS Italiane) secondo nuovi standard di progettazione ed \u00e8 collocata nel corpo centrale della stazione, in prossimit\u00e0 dei principali servizi per la clientela. Costituito da 14 Sale con sede nei\u2026<\/p>\n<p class=\"continue-reading-button\"> <a class=\"continue-reading-link\" href=\"https:\/\/www.ilmondodeitreni.it\/blog\/?p=12653\">Continua la lettura<i class=\"crycon-right-dir\"><\/i><\/a><\/p>\n","protected":false},"author":10,"featured_media":0,"comment_status":"open","ping_status":"open","sticky":false,"template":"","format":"standard","meta":{"footnotes":""},"categories":[2],"tags":[5,1353,31,34,1696,4888,434,871],"class_list":["post-12653","post","type-post","status-publish","format-standard","hentry","category-news","tag-ferrovie","tag-gruppo-fs-italiane","tag-lombardia","tag-rfi","tag-sala-blu","tag-trentino-alto-adige","tag-veneto","tag-verona"],"_links":{"self":[{"href":"https:\/\/www.ilmondodeitreni.it\/blog\/index.php?rest_route=\/wp\/v2\/posts\/12653","targetHints":{"allow":["GET"]}}],"collection":[{"href":"https:\/\/www.ilmondodeitreni.it\/blog\/index.php?rest_route=\/wp\/v2\/posts"}],"about":[{"href":"https:\/\/www.ilmondodeitreni.it\/blog\/index.php?rest_route=\/wp\/v2\/types\/post"}],"author":[{"embeddable":true,"href":"https:\/\/www.ilmondodeitreni.it\/blog\/index.php?rest_route=\/wp\/v2\/users\/10"}],"replies":[{"embeddable":true,"href":"https:\/\/www.ilmondodeitreni.it\/blog\/index.php?rest_route=%2Fwp%2Fv2%2Fcomments&post=12653"}],"version-history":[{"count":1,"href":"https:\/\/www.ilmondodeitreni.it\/blog\/index.php?rest_route=\/wp\/v2\/posts\/12653\/revisions"}],"predecessor-version":[{"id":12654,"href":"https:\/\/www.ilmondodeitreni.it\/blog\/index.php?rest_route=\/wp\/v2\/posts\/12653\/revisions\/12654"}],"wp:attachment":[{"href":"https:\/\/www.ilmondodeitreni.it\/blog\/index.php?rest_route=%2Fwp%2Fv2%2Fmedia&parent=12653"}],"wp:term":[{"taxonomy":"category","embeddable":true,"href":"https:\/\/www.ilmondodeitreni.it\/blog\/index.php?rest_route=%2Fwp%2Fv2%2Fcategories&post=12653"},{"taxonomy":"post_tag","embeddable":true,"href":"https:\/\/www.ilmondodeitreni.it\/blog\/index.php?rest_route=%2Fwp%2Fv2%2Ftags&post=12653"}],"curies":[{"name":"wp","href":"https:\/\/api.w.org\/{rel}","templated":true}]}}