{"id":12608,"date":"2021-01-17T22:38:07","date_gmt":"2021-01-17T21:38:07","guid":{"rendered":"http:\/\/www.ilmondodeitreni.it\/blog\/?p=12608"},"modified":"2021-01-17T22:38:07","modified_gmt":"2021-01-17T21:38:07","slug":"incontro-istituzionale-problematiche-linea-napoli-nola-baiano","status":"publish","type":"post","link":"https:\/\/www.ilmondodeitreni.it\/blog\/?p=12608","title":{"rendered":"Incontro istituzionale, problematiche linea Napoli-Nola-Baiano"},"content":{"rendered":"<p style=\"text-align: justify;\"><span style=\"font-family: arial, helvetica, sans-serif; font-size: 12pt;\"><a href=\"http:\/\/www.ilmondodeitreni.it\/blog\/2018\/12\/03\/la-foto-della-settimana-03-09-dicembre\/aln773012ealn668308alvignano\/\" rel=\"attachment wp-att-8289\"><img loading=\"lazy\" decoding=\"async\" class=\"alignleft size-thumbnail wp-image-8289\" src=\"http:\/\/www.ilmondodeitreni.it\/blog\/wp-content\/uploads\/2018\/12\/ALn773012eALn668308alvignano-160x104.jpg\" alt=\"\" width=\"160\" height=\"104\" srcset=\"https:\/\/www.ilmondodeitreni.it\/blog\/wp-content\/uploads\/2018\/12\/ALn773012eALn668308alvignano-160x104.jpg 160w, https:\/\/www.ilmondodeitreni.it\/blog\/wp-content\/uploads\/2018\/12\/ALn773012eALn668308alvignano.jpg 640w, https:\/\/www.ilmondodeitreni.it\/blog\/wp-content\/uploads\/2018\/12\/ALn773012eALn668308alvignano-230x150.jpg 230w, https:\/\/www.ilmondodeitreni.it\/blog\/wp-content\/uploads\/2018\/12\/ALn773012eALn668308alvignano-150x98.jpg 150w\" sizes=\"auto, (max-width: 160px) 100vw, 160px\" \/><\/a>Nell\u2019ambito dei rapporti istituzionali, il Sindaco di Saviano avv. Vincenzo Simonelli, unitamente al suo vice dr. Giuseppe Allocca, ha incontratolo scorso 12 Gennaio i vertici dell\u2019E.A.V., Ente Autonomo Volturno, gestore della linea Circumvesuviana Napoli-Nola-Baiano, nelle persone del Presidente dr. Umberto De Gregorio e del Direttore operativo centrale ing. Pasquale Sposito. Nel corso del cordiale colloquio sono stati affrontate una serie di problematiche relative alla gestione dell\u2019immobile della stazione della Circumvesuviana di Saviano, in ordine alla sicurezza, all\u2019ammodernamento, accessibilit\u00e0 ed all&#8217;igiene, ma soprattutto al recupero dello stesso immobile per fini sociali a favore della collettivit\u00e0 savianese. Ai fini del miglioramento della mobilit\u00e0 urbana, inoltre, si \u00e8 discusso circa la fattibilit\u00e0 di un collegamento su gomma tra le periferie e la stazione. Al termine del proficuo confronto relativamente ai temi affrontati, i vertici dell\u2019EAV, ai quali vanno i ringraziamenti del Sindaco Simonelli, hanno espresso la volont\u00e0 di avviare una fase progettuale di miglioramento dell\u2019immobile stazione, con tempi tecnici di realizzazione correlati anche alla disponibilit\u00e0 economica, con un\u2019apertura di un tavolo tecnico permanente e una serie di incontri pi\u00f9 squisitamente tecnici da tenersi presso il Comune di Saviano. Il Sindaco, nel ringraziare i vertici di EAV, &nbsp;&nbsp;ha assicurato, nel contempo, la massima collaborazione da parte dell\u2019Amministrazione per facilitare l\u2019avvio dell\u2019iter procedurale tecnico.<\/span><\/p>\n","protected":false},"excerpt":{"rendered":"<p>Nell\u2019ambito dei rapporti istituzionali, il Sindaco di Saviano avv. Vincenzo Simonelli, unitamente al suo vice dr. Giuseppe Allocca, ha incontratolo scorso 12 Gennaio i vertici dell\u2019E.A.V., Ente Autonomo Volturno, gestore della linea Circumvesuviana Napoli-Nola-Baiano, nelle persone del Presidente dr. Umberto De Gregorio e del Direttore operativo centrale ing. Pasquale Sposito. Nel corso del cordiale colloquio sono stati affrontate una serie di problematiche relative alla gestione dell\u2019immobile della stazione della Circumvesuviana\u2026<\/p>\n<p class=\"continue-reading-button\"> <a class=\"continue-reading-link\" href=\"https:\/\/www.ilmondodeitreni.it\/blog\/?p=12608\">Continua la lettura<i class=\"crycon-right-dir\"><\/i><\/a><\/p>\n","protected":false},"author":14,"featured_media":0,"comment_status":"open","ping_status":"open","sticky":false,"template":"","format":"standard","meta":{"footnotes":""},"categories":[2],"tags":[531,710,5,8697,5890,8696],"class_list":["post-12608","post","type-post","status-publish","format-standard","hentry","category-news","tag-campania","tag-eav","tag-ferrovie","tag-saviano","tag-umberto-de-gregorio","tag-vincenzo-simonelli"],"_links":{"self":[{"href":"https:\/\/www.ilmondodeitreni.it\/blog\/index.php?rest_route=\/wp\/v2\/posts\/12608","targetHints":{"allow":["GET"]}}],"collection":[{"href":"https:\/\/www.ilmondodeitreni.it\/blog\/index.php?rest_route=\/wp\/v2\/posts"}],"about":[{"href":"https:\/\/www.ilmondodeitreni.it\/blog\/index.php?rest_route=\/wp\/v2\/types\/post"}],"author":[{"embeddable":true,"href":"https:\/\/www.ilmondodeitreni.it\/blog\/index.php?rest_route=\/wp\/v2\/users\/14"}],"replies":[{"embeddable":true,"href":"https:\/\/www.ilmondodeitreni.it\/blog\/index.php?rest_route=%2Fwp%2Fv2%2Fcomments&post=12608"}],"version-history":[{"count":1,"href":"https:\/\/www.ilmondodeitreni.it\/blog\/index.php?rest_route=\/wp\/v2\/posts\/12608\/revisions"}],"predecessor-version":[{"id":12609,"href":"https:\/\/www.ilmondodeitreni.it\/blog\/index.php?rest_route=\/wp\/v2\/posts\/12608\/revisions\/12609"}],"wp:attachment":[{"href":"https:\/\/www.ilmondodeitreni.it\/blog\/index.php?rest_route=%2Fwp%2Fv2%2Fmedia&parent=12608"}],"wp:term":[{"taxonomy":"category","embeddable":true,"href":"https:\/\/www.ilmondodeitreni.it\/blog\/index.php?rest_route=%2Fwp%2Fv2%2Fcategories&post=12608"},{"taxonomy":"post_tag","embeddable":true,"href":"https:\/\/www.ilmondodeitreni.it\/blog\/index.php?rest_route=%2Fwp%2Fv2%2Ftags&post=12608"}],"curies":[{"name":"wp","href":"https:\/\/api.w.org\/{rel}","templated":true}]}}