{"id":12501,"date":"2020-12-24T23:05:46","date_gmt":"2020-12-24T22:05:46","guid":{"rendered":"http:\/\/www.ilmondodeitreni.it\/blog\/?p=12501"},"modified":"2020-12-24T23:05:46","modified_gmt":"2020-12-24T22:05:46","slug":"cotral-20-milioni-di-euro-di-investimenti-sui-depositi","status":"publish","type":"post","link":"https:\/\/www.ilmondodeitreni.it\/blog\/?p=12501","title":{"rendered":"Cotral: 20 milioni di euro di investimenti sui depositi"},"content":{"rendered":"<p style=\"text-align: justify;\"><span style=\"font-size: 12pt; font-family: arial, helvetica, sans-serif;\"><a href=\"http:\/\/www.ilmondodeitreni.it\/blog\/2020\/12\/24\/cotral-20-milioni-di-euro-di-investimenti-sui-depositi\/0003_dep_vt\/\" rel=\"attachment wp-att-12502\"><img loading=\"lazy\" decoding=\"async\" class=\"alignleft size-thumbnail wp-image-12502\" src=\"http:\/\/www.ilmondodeitreni.it\/blog\/wp-content\/uploads\/2020\/12\/0003_dep_vt-160x120.jpg\" alt=\"\" width=\"160\" height=\"120\" srcset=\"https:\/\/www.ilmondodeitreni.it\/blog\/wp-content\/uploads\/2020\/12\/0003_dep_vt-160x120.jpg 160w, https:\/\/www.ilmondodeitreni.it\/blog\/wp-content\/uploads\/2020\/12\/0003_dep_vt-150x113.jpg 150w, https:\/\/www.ilmondodeitreni.it\/blog\/wp-content\/uploads\/2020\/12\/0003_dep_vt.jpg 640w\" sizes=\"auto, (max-width: 160px) 100vw, 160px\" \/><\/a>Non solo nuovi bus in circolazione. Nel biennio 2020\/2021 CoTraL investe oltre 20 milioni di euro nella costruzione di nuovi depositi e nella riqualificazione di quelli esistenti, con l&#8217;obiettivo di migliorare gli standard qualitativi delle strutture per la gestione del servizio. Un nuovo impianto sar\u00e0 costruito a Monterotondo e permetter\u00e0 di sgravare il centro storico della citt\u00e0 dalla presenza della rimessa dei bus. A Civitavecchia e a Castel Madama l&#8217;azienda ha acquistato all&#8217;asta i terreni sui quali sorgeranno nuove strutture moderne ed efficienti. Mentre a Minturno sar\u00e0 ristrutturato e ampliato il deposito di propriet\u00e0 aziendale. Gli interventi sono realizzati con l&#8217;impiego di tecnologie e materiali per l&#8217;architettura sostenibile: pannelli fotovoltaici sono in corso di installazione anche nelle rimesse di Collegiove, Viterbo, Frosinone, Poggio Mirteto, Latina, Sora, Fiuggi, Grottaferrata e Genezzano. &#8220;Il Covid ci ha consegnato una sfida &#8211; dichiara la Presidente di Cotral, Amalia Colaceci &#8211; che solo le aziende che investono su se stesse e sull&#8217;efficienza potranno superare. Questo \u00e8 l&#8217;augurio per Cotral&#8221;.<\/span><\/p>\n","protected":false},"excerpt":{"rendered":"<p>Non solo nuovi bus in circolazione. Nel biennio 2020\/2021 CoTraL investe oltre 20 milioni di euro nella costruzione di nuovi depositi e nella riqualificazione di quelli esistenti, con l&#8217;obiettivo di migliorare gli standard qualitativi delle strutture per la gestione del servizio. Un nuovo impianto sar\u00e0 costruito a Monterotondo e permetter\u00e0 di sgravare il centro storico della citt\u00e0 dalla presenza della rimessa dei bus. A Civitavecchia e a Castel Madama l&#8217;azienda\u2026<\/p>\n<p class=\"continue-reading-button\"> <a class=\"continue-reading-link\" href=\"https:\/\/www.ilmondodeitreni.it\/blog\/?p=12501\">Continua la lettura<i class=\"crycon-right-dir\"><\/i><\/a><\/p>\n","protected":false},"author":3,"featured_media":0,"comment_status":"open","ping_status":"open","sticky":false,"template":"","format":"standard","meta":{"footnotes":""},"categories":[2],"tags":[3428,19,8641,30,625,1269,8642,1046,69,6761,14,29,350],"class_list":["post-12501","post","type-post","status-publish","format-standard","hentry","category-news","tag-amalia-colaceci","tag-civitavecchia","tag-collegiove","tag-cotral","tag-fiuggi","tag-frosinone","tag-grottaferrata","tag-latina","tag-mobilita","tag-poggio-mirteto","tag-sora","tag-trasporti","tag-viterbo"],"_links":{"self":[{"href":"https:\/\/www.ilmondodeitreni.it\/blog\/index.php?rest_route=\/wp\/v2\/posts\/12501","targetHints":{"allow":["GET"]}}],"collection":[{"href":"https:\/\/www.ilmondodeitreni.it\/blog\/index.php?rest_route=\/wp\/v2\/posts"}],"about":[{"href":"https:\/\/www.ilmondodeitreni.it\/blog\/index.php?rest_route=\/wp\/v2\/types\/post"}],"author":[{"embeddable":true,"href":"https:\/\/www.ilmondodeitreni.it\/blog\/index.php?rest_route=\/wp\/v2\/users\/3"}],"replies":[{"embeddable":true,"href":"https:\/\/www.ilmondodeitreni.it\/blog\/index.php?rest_route=%2Fwp%2Fv2%2Fcomments&post=12501"}],"version-history":[{"count":2,"href":"https:\/\/www.ilmondodeitreni.it\/blog\/index.php?rest_route=\/wp\/v2\/posts\/12501\/revisions"}],"predecessor-version":[{"id":12504,"href":"https:\/\/www.ilmondodeitreni.it\/blog\/index.php?rest_route=\/wp\/v2\/posts\/12501\/revisions\/12504"}],"wp:attachment":[{"href":"https:\/\/www.ilmondodeitreni.it\/blog\/index.php?rest_route=%2Fwp%2Fv2%2Fmedia&parent=12501"}],"wp:term":[{"taxonomy":"category","embeddable":true,"href":"https:\/\/www.ilmondodeitreni.it\/blog\/index.php?rest_route=%2Fwp%2Fv2%2Fcategories&post=12501"},{"taxonomy":"post_tag","embeddable":true,"href":"https:\/\/www.ilmondodeitreni.it\/blog\/index.php?rest_route=%2Fwp%2Fv2%2Ftags&post=12501"}],"curies":[{"name":"wp","href":"https:\/\/api.w.org\/{rel}","templated":true}]}}