{"id":12493,"date":"2020-12-22T21:25:53","date_gmt":"2020-12-22T20:25:53","guid":{"rendered":"http:\/\/www.ilmondodeitreni.it\/blog\/?p=12493"},"modified":"2020-12-22T21:25:22","modified_gmt":"2020-12-22T20:25:22","slug":"claudio-baglioni-uomo-di-varie-eta","status":"publish","type":"post","link":"https:\/\/www.ilmondodeitreni.it\/blog\/?p=12493","title":{"rendered":"Claudio Baglioni &#8211; Uomo di varie et\u00e0"},"content":{"rendered":"<p><span style=\"font-family: arial, helvetica, sans-serif; font-size: 12pt;\">UOMO DI VARIE ET\u00c0 \u00e8 il nuovo singolo di CLAUDIO BAGLIONI estratto dal nuovo album&nbsp; IN QUESTA STORIA CHE \u00c8 LA MIA. Regia e disegni: Carmine Di Giandomenico Animazioni e montaggio: Ermanno e Angelo Di Nicola Supervisione: Guido Tognetti<\/span><\/p>\n<p><iframe loading=\"lazy\" src=\"https:\/\/www.youtube.com\/embed\/Zr0s-k1MMEA\" width=\"560\" height=\"315\" frameborder=\"0\" allowfullscreen=\"allowfullscreen\"><\/iframe>&nbsp;<\/p>\n","protected":false},"excerpt":{"rendered":"<p>UOMO DI VARIE ET\u00c0 \u00e8 il nuovo singolo di CLAUDIO BAGLIONI estratto dal nuovo album&nbsp; IN QUESTA STORIA CHE \u00c8 LA MIA. Regia e disegni: Carmine Di Giandomenico Animazioni e montaggio: Ermanno e Angelo Di Nicola Supervisione: Guido Tognetti &nbsp;<\/p>\n<p class=\"continue-reading-button\"> <a class=\"continue-reading-link\" href=\"https:\/\/www.ilmondodeitreni.it\/blog\/?p=12493\">Continua la lettura<i class=\"crycon-right-dir\"><\/i><\/a><\/p>\n","protected":false},"author":1,"featured_media":0,"comment_status":"open","ping_status":"open","sticky":false,"template":"","format":"standard","meta":{"footnotes":""},"categories":[2],"tags":[4958,8637,603,8636],"class_list":["post-12493","post","type-post","status-publish","format-standard","hentry","category-news","tag-claudio-baglioni","tag-in-questa-storia-che-e-la-mia","tag-musica","tag-uomo-di-varie-eta"],"_links":{"self":[{"href":"https:\/\/www.ilmondodeitreni.it\/blog\/index.php?rest_route=\/wp\/v2\/posts\/12493","targetHints":{"allow":["GET"]}}],"collection":[{"href":"https:\/\/www.ilmondodeitreni.it\/blog\/index.php?rest_route=\/wp\/v2\/posts"}],"about":[{"href":"https:\/\/www.ilmondodeitreni.it\/blog\/index.php?rest_route=\/wp\/v2\/types\/post"}],"author":[{"embeddable":true,"href":"https:\/\/www.ilmondodeitreni.it\/blog\/index.php?rest_route=\/wp\/v2\/users\/1"}],"replies":[{"embeddable":true,"href":"https:\/\/www.ilmondodeitreni.it\/blog\/index.php?rest_route=%2Fwp%2Fv2%2Fcomments&post=12493"}],"version-history":[{"count":1,"href":"https:\/\/www.ilmondodeitreni.it\/blog\/index.php?rest_route=\/wp\/v2\/posts\/12493\/revisions"}],"predecessor-version":[{"id":12494,"href":"https:\/\/www.ilmondodeitreni.it\/blog\/index.php?rest_route=\/wp\/v2\/posts\/12493\/revisions\/12494"}],"wp:attachment":[{"href":"https:\/\/www.ilmondodeitreni.it\/blog\/index.php?rest_route=%2Fwp%2Fv2%2Fmedia&parent=12493"}],"wp:term":[{"taxonomy":"category","embeddable":true,"href":"https:\/\/www.ilmondodeitreni.it\/blog\/index.php?rest_route=%2Fwp%2Fv2%2Fcategories&post=12493"},{"taxonomy":"post_tag","embeddable":true,"href":"https:\/\/www.ilmondodeitreni.it\/blog\/index.php?rest_route=%2Fwp%2Fv2%2Ftags&post=12493"}],"curies":[{"name":"wp","href":"https:\/\/api.w.org\/{rel}","templated":true}]}}