{"id":12472,"date":"2020-12-15T00:11:53","date_gmt":"2020-12-14T23:11:53","guid":{"rendered":"http:\/\/www.ilmondodeitreni.it\/blog\/?p=12472"},"modified":"2020-12-16T00:14:51","modified_gmt":"2020-12-15T23:14:51","slug":"ferrovia-della-val-pusteria-da-mercoledi-riprende-la-circolazione","status":"publish","type":"post","link":"https:\/\/www.ilmondodeitreni.it\/blog\/?p=12472","title":{"rendered":"Ferrovia della Val Pusteria, da mercoled\u00ec riprende la circolazione"},"content":{"rendered":"<p style=\"text-align: justify;\"><span style=\"font-size: 12pt; font-family: arial, helvetica, sans-serif;\"><a href=\"http:\/\/www.ilmondodeitreni.it\/blog\/2020\/12\/15\/ferrovia-della-val-pusteria-da-mercoledi-riprende-la-circolazione\/attachment\/1091406\/\" rel=\"attachment wp-att-12473\"><img loading=\"lazy\" decoding=\"async\" class=\"alignleft size-thumbnail wp-image-12473\" src=\"http:\/\/www.ilmondodeitreni.it\/blog\/wp-content\/uploads\/2020\/12\/1091406-160x88.jpg\" alt=\"\" width=\"160\" height=\"88\" srcset=\"https:\/\/www.ilmondodeitreni.it\/blog\/wp-content\/uploads\/2020\/12\/1091406-160x88.jpg 160w, https:\/\/www.ilmondodeitreni.it\/blog\/wp-content\/uploads\/2020\/12\/1091406-640x351.jpg 640w, https:\/\/www.ilmondodeitreni.it\/blog\/wp-content\/uploads\/2020\/12\/1091406-1024x561.jpg 1024w, https:\/\/www.ilmondodeitreni.it\/blog\/wp-content\/uploads\/2020\/12\/1091406-768x421.jpg 768w, https:\/\/www.ilmondodeitreni.it\/blog\/wp-content\/uploads\/2020\/12\/1091406-150x82.jpg 150w, https:\/\/www.ilmondodeitreni.it\/blog\/wp-content\/uploads\/2020\/12\/1091406.jpg 1140w\" sizes=\"auto, (max-width: 160px) 100vw, 160px\" \/><\/a>Dopo il completamento degli interventi per la messa in sicurezza della tratta&nbsp;<strong>Fortezza-Brunico<\/strong>, necessari a causa dei danni provocati dal maltempo dei giorni scorsi, la circolazione dei treni lungo questo pezzo della&nbsp;<strong>linea ferroviaria della Val Pusteria<\/strong>&nbsp;riprender\u00e0 regolarmente a partire da mercoled\u00ec 16 dicembre. Lo annuncia il Dipartimento&nbsp;<strong>mobilit\u00e0<\/strong>&nbsp;della Provincia assieme a Rete Ferroviaria Italiana (<strong>RFI<\/strong>). Per la giornata di marted\u00ec 15 dicembre, il collegamento sar\u00e0 ancora garantito dal servizio di<strong>&nbsp;autobus sostitutivi<\/strong>.&nbsp; Per quanto riguarda, invece, la tratta&nbsp;<strong>Brunico-San Candido<\/strong>, sono ancora in corso i lavori di messa in sicurezza dopo che una&nbsp;<strong>frana<\/strong>&nbsp;ha danneggiato la linea ferroviaria all&#8217;altezza di&nbsp;<strong>Perca<\/strong>. I lavori sono complessi e dureranno sicuramente pi\u00f9 settimane. Nel frattempo \u00e8 garantito un&nbsp;servizio&nbsp;di<strong>&nbsp;autobus sostitutivi<\/strong>&nbsp;tra Brunico e San Candido.&nbsp;&nbsp;<\/span><\/p>\n","protected":false},"excerpt":{"rendered":"<p>Dopo il completamento degli interventi per la messa in sicurezza della tratta&nbsp;Fortezza-Brunico, necessari a causa dei danni provocati dal maltempo dei giorni scorsi, la circolazione dei treni lungo questo pezzo della&nbsp;linea ferroviaria della Val Pusteria&nbsp;riprender\u00e0 regolarmente a partire da mercoled\u00ec 16 dicembre. Lo annuncia il Dipartimento&nbsp;mobilit\u00e0&nbsp;della Provincia assieme a Rete Ferroviaria Italiana (RFI). Per la giornata di marted\u00ec 15 dicembre, il collegamento sar\u00e0 ancora garantito dal servizio di&nbsp;autobus sostitutivi.&nbsp; Per\u2026<\/p>\n<p class=\"continue-reading-button\"> <a class=\"continue-reading-link\" href=\"https:\/\/www.ilmondodeitreni.it\/blog\/?p=12472\">Continua la lettura<i class=\"crycon-right-dir\"><\/i><\/a><\/p>\n","protected":false},"author":9,"featured_media":0,"comment_status":"open","ping_status":"open","sticky":false,"template":"","format":"standard","meta":{"footnotes":""},"categories":[2],"tags":[5,5720,4816,34],"class_list":["post-12472","post","type-post","status-publish","format-standard","hentry","category-news","tag-ferrovie","tag-linea-ferroviaria-della-val-pusteria","tag-provincia-di-bolzano","tag-rfi"],"_links":{"self":[{"href":"https:\/\/www.ilmondodeitreni.it\/blog\/index.php?rest_route=\/wp\/v2\/posts\/12472","targetHints":{"allow":["GET"]}}],"collection":[{"href":"https:\/\/www.ilmondodeitreni.it\/blog\/index.php?rest_route=\/wp\/v2\/posts"}],"about":[{"href":"https:\/\/www.ilmondodeitreni.it\/blog\/index.php?rest_route=\/wp\/v2\/types\/post"}],"author":[{"embeddable":true,"href":"https:\/\/www.ilmondodeitreni.it\/blog\/index.php?rest_route=\/wp\/v2\/users\/9"}],"replies":[{"embeddable":true,"href":"https:\/\/www.ilmondodeitreni.it\/blog\/index.php?rest_route=%2Fwp%2Fv2%2Fcomments&post=12472"}],"version-history":[{"count":2,"href":"https:\/\/www.ilmondodeitreni.it\/blog\/index.php?rest_route=\/wp\/v2\/posts\/12472\/revisions"}],"predecessor-version":[{"id":12475,"href":"https:\/\/www.ilmondodeitreni.it\/blog\/index.php?rest_route=\/wp\/v2\/posts\/12472\/revisions\/12475"}],"wp:attachment":[{"href":"https:\/\/www.ilmondodeitreni.it\/blog\/index.php?rest_route=%2Fwp%2Fv2%2Fmedia&parent=12472"}],"wp:term":[{"taxonomy":"category","embeddable":true,"href":"https:\/\/www.ilmondodeitreni.it\/blog\/index.php?rest_route=%2Fwp%2Fv2%2Fcategories&post=12472"},{"taxonomy":"post_tag","embeddable":true,"href":"https:\/\/www.ilmondodeitreni.it\/blog\/index.php?rest_route=%2Fwp%2Fv2%2Ftags&post=12472"}],"curies":[{"name":"wp","href":"https:\/\/api.w.org\/{rel}","templated":true}]}}