{"id":12468,"date":"2020-12-14T20:16:22","date_gmt":"2020-12-14T19:16:22","guid":{"rendered":"http:\/\/www.ilmondodeitreni.it\/blog\/?p=12468"},"modified":"2020-12-16T22:22:50","modified_gmt":"2020-12-16T21:22:50","slug":"sala-blu-la-rete-si-amplia-con-altre-9-stazioni-in-piu","status":"publish","type":"post","link":"https:\/\/www.ilmondodeitreni.it\/blog\/?p=12468","title":{"rendered":"Sala Blu: la rete si amplia con altre 9 stazioni in pi\u00f9"},"content":{"rendered":"<p style=\"text-align: justify;\"><span style=\"font-size: 12pt;\"><a href=\"http:\/\/www.ilmondodeitreni.it\/blog\/2017\/01\/16\/rfi-sale-blu-nuovo-numero-telefonico-per-assistenza-passeggeri-a-ridotta-mobilita\/sala_blu_foglia\/\" rel=\"attachment wp-att-5302\"><img loading=\"lazy\" decoding=\"async\" class=\"alignleft size-thumbnail wp-image-5302\" src=\"http:\/\/www.ilmondodeitreni.it\/blog\/wp-content\/uploads\/2017\/01\/Sala_blu_foglia-160x58.jpg\" alt=\"\" width=\"160\" height=\"58\" srcset=\"https:\/\/www.ilmondodeitreni.it\/blog\/wp-content\/uploads\/2017\/01\/Sala_blu_foglia-160x58.jpg 160w, https:\/\/www.ilmondodeitreni.it\/blog\/wp-content\/uploads\/2017\/01\/Sala_blu_foglia-640x231.jpg 640w, https:\/\/www.ilmondodeitreni.it\/blog\/wp-content\/uploads\/2017\/01\/Sala_blu_foglia-250x90.jpg 250w, https:\/\/www.ilmondodeitreni.it\/blog\/wp-content\/uploads\/2017\/01\/Sala_blu_foglia-300x108.jpg 300w, https:\/\/www.ilmondodeitreni.it\/blog\/wp-content\/uploads\/2017\/01\/Sala_blu_foglia-150x54.jpg 150w, https:\/\/www.ilmondodeitreni.it\/blog\/wp-content\/uploads\/2017\/01\/Sala_blu_foglia.jpg 1000w\" sizes=\"auto, (max-width: 160px) 100vw, 160px\" \/><\/a>FS Italiane sempre pi\u00f9 attenta alle esigenze delle persone con disabilit\u00e0: dal 13 dicembre il servizio di assistenza <b>gratuito raggiunge altre 9 stazioni ampliando il network a 332<\/b>.<\/span><\/p>\n<p><span style=\"font-size: 12pt;\">Le nuove sono:<\/span><\/p>\n<ul>\n<li><span style=\"font-size: 12pt;\">Chatillon Saint Vincent<\/span><\/li>\n<li><span style=\"font-size: 12pt;\">Pont Saint Martin<\/span><\/li>\n<li><span style=\"font-size: 12pt;\">Tarvisio Boscoverde<\/span><\/li>\n<li><span style=\"font-size: 12pt;\">Codogno<\/span><\/li>\n<li><span style=\"font-size: 12pt;\">Mirandola<\/span><\/li>\n<li><span style=\"font-size: 12pt;\">Montecatini Terme- Monsummano<\/span><\/li>\n<li><span style=\"font-size: 12pt;\">Venafro<\/span><\/li>\n<li><span style=\"font-size: 12pt;\">Ostuni<\/span><\/li>\n<li><span style=\"font-size: 12pt;\">Potenza Superiore<\/span><\/li>\n<\/ul>\n<p style=\"text-align: justify;\"><span style=\"font-size: 12pt;\">RFI, societ\u00e0 del Gruppo FS Italane, \u00e8 sempre pi\u00f9 vicina alle persone con disabilit\u00e0 e a ridotta mobilit\u00e0 che viaggiano in treno e utilizzano le stazioni, con il&nbsp;<a title=\"Vai alla sezione dedicata alle Sale Blu sul sito di RFI\" href=\"https:\/\/www.rfi.it\/it\/stazioni\/pagine-stazioni\/accessibilita\/sale-blu.html\" target=\"_blank\" rel=\"noopener\">servizio di assistenza delle Sale Blu<\/a> fornisce a richiesta l\u2019ausilio di operatori che assisteranno nella fase di salita o discesa dal treno e nei percorsi dell\u2019area della stazione. L\u2019emergenza sanitaria ha inevitabilmente inciso sulle operazioni di ampliamento del circuito, basti pensare che tra le stazioni coinvolte rientra Codogno, cittadina che tanto ha rappresentato nel drammatico periodo del lockdown. A causa delle attuali limitazioni legate all\u2019epidemia da Covid-19, i tempi di&nbsp;<b>preavviso per la prenotazione<\/b>&nbsp;del servizio equivalgono&nbsp;<b>attualmente a 24ore di anticipo<\/b>, mentre&nbsp;<b>a regime<\/b>&nbsp;in questi 9 impianti&nbsp;<b>l\u2019anticipo scender\u00e0 a 12ore<\/b>.<\/span><\/p>\n","protected":false},"excerpt":{"rendered":"<p>FS Italiane sempre pi\u00f9 attenta alle esigenze delle persone con disabilit\u00e0: dal 13 dicembre il servizio di assistenza gratuito raggiunge altre 9 stazioni ampliando il network a 332. Le nuove sono: Chatillon Saint Vincent Pont Saint Martin Tarvisio Boscoverde Codogno Mirandola Montecatini Terme- Monsummano Venafro Ostuni Potenza Superiore RFI, societ\u00e0 del Gruppo FS Italane, \u00e8 sempre pi\u00f9 vicina alle persone con disabilit\u00e0 e a ridotta mobilit\u00e0 che viaggiano in treno\u2026<\/p>\n<p class=\"continue-reading-button\"> <a class=\"continue-reading-link\" href=\"https:\/\/www.ilmondodeitreni.it\/blog\/?p=12468\">Continua la lettura<i class=\"crycon-right-dir\"><\/i><\/a><\/p>\n","protected":false},"author":6,"featured_media":0,"comment_status":"open","ping_status":"open","sticky":false,"template":"","format":"standard","meta":{"footnotes":""},"categories":[2],"tags":[7289,7534,1353,8613,8614,6902,6043,1961,34,1696,8612,8615],"class_list":["post-12468","post","type-post","status-publish","format-standard","hentry","category-news","tag-chatillon-saint-vincent","tag-codogno","tag-gruppo-fs-italiane","tag-mirandola","tag-montecatini-terme-monsummano","tag-ostuni","tag-pont-saint-martin","tag-potenza-superiore","tag-rfi","tag-sala-blu","tag-tarvisio-boscoverde","tag-venafro"],"_links":{"self":[{"href":"https:\/\/www.ilmondodeitreni.it\/blog\/index.php?rest_route=\/wp\/v2\/posts\/12468","targetHints":{"allow":["GET"]}}],"collection":[{"href":"https:\/\/www.ilmondodeitreni.it\/blog\/index.php?rest_route=\/wp\/v2\/posts"}],"about":[{"href":"https:\/\/www.ilmondodeitreni.it\/blog\/index.php?rest_route=\/wp\/v2\/types\/post"}],"author":[{"embeddable":true,"href":"https:\/\/www.ilmondodeitreni.it\/blog\/index.php?rest_route=\/wp\/v2\/users\/6"}],"replies":[{"embeddable":true,"href":"https:\/\/www.ilmondodeitreni.it\/blog\/index.php?rest_route=%2Fwp%2Fv2%2Fcomments&post=12468"}],"version-history":[{"count":1,"href":"https:\/\/www.ilmondodeitreni.it\/blog\/index.php?rest_route=\/wp\/v2\/posts\/12468\/revisions"}],"predecessor-version":[{"id":12469,"href":"https:\/\/www.ilmondodeitreni.it\/blog\/index.php?rest_route=\/wp\/v2\/posts\/12468\/revisions\/12469"}],"wp:attachment":[{"href":"https:\/\/www.ilmondodeitreni.it\/blog\/index.php?rest_route=%2Fwp%2Fv2%2Fmedia&parent=12468"}],"wp:term":[{"taxonomy":"category","embeddable":true,"href":"https:\/\/www.ilmondodeitreni.it\/blog\/index.php?rest_route=%2Fwp%2Fv2%2Fcategories&post=12468"},{"taxonomy":"post_tag","embeddable":true,"href":"https:\/\/www.ilmondodeitreni.it\/blog\/index.php?rest_route=%2Fwp%2Fv2%2Ftags&post=12468"}],"curies":[{"name":"wp","href":"https:\/\/api.w.org\/{rel}","templated":true}]}}