{"id":12458,"date":"2020-12-10T10:18:05","date_gmt":"2020-12-10T09:18:05","guid":{"rendered":"http:\/\/www.ilmondodeitreni.it\/blog\/?p=12458"},"modified":"2020-12-10T10:18:06","modified_gmt":"2020-12-10T09:18:06","slug":"trasporto-mercilugo-terminal-avvia-nuovo-collegamento-in-collaborazione-con-ferrotramviaria","status":"publish","type":"post","link":"https:\/\/www.ilmondodeitreni.it\/blog\/?p=12458","title":{"rendered":"Trasporto Merci:Lugo Terminal avvia nuovo collegamento in collaborazione con Ferrotramviaria"},"content":{"rendered":"<p style=\"text-align: justify;\"><a href=\"http:\/\/www.ilmondodeitreni.it\/blog\/2020\/12\/10\/trasporto-mercilugo-terminal-avvia-nuovo-collegamento-in-collaborazione-con-ferrotramviaria\/fb_img_1607591390831\/\" rel=\"attachment wp-att-12459\"><img loading=\"lazy\" decoding=\"async\" class=\"alignleft size-thumbnail wp-image-12459\" src=\"http:\/\/www.ilmondodeitreni.it\/blog\/wp-content\/uploads\/2020\/12\/FB_IMG_1607591390831-160x107.jpg\" alt=\"\" width=\"160\" height=\"107\" srcset=\"https:\/\/www.ilmondodeitreni.it\/blog\/wp-content\/uploads\/2020\/12\/FB_IMG_1607591390831-160x107.jpg 160w, https:\/\/www.ilmondodeitreni.it\/blog\/wp-content\/uploads\/2020\/12\/FB_IMG_1607591390831-640x427.jpg 640w, https:\/\/www.ilmondodeitreni.it\/blog\/wp-content\/uploads\/2020\/12\/FB_IMG_1607591390831-1024x683.jpg 1024w, https:\/\/www.ilmondodeitreni.it\/blog\/wp-content\/uploads\/2020\/12\/FB_IMG_1607591390831-768x512.jpg 768w, https:\/\/www.ilmondodeitreni.it\/blog\/wp-content\/uploads\/2020\/12\/FB_IMG_1607591390831-150x100.jpg 150w, https:\/\/www.ilmondodeitreni.it\/blog\/wp-content\/uploads\/2020\/12\/FB_IMG_1607591390831.jpg 1080w\" sizes=\"auto, (max-width: 160px) 100vw, 160px\" \/><\/a>Una nuova collaborazione&nbsp;<strong>tra Lugo Terminal SpA e Ferrotramviaria SpA<\/strong>&nbsp;permetter\u00e0 di inaugurare l\u201911 gennaio 2021 un nuovo collegamento ferroviario intermodale&nbsp;<strong>tra Parma e Giovinazzo<\/strong> (Bari) con sosta commerciale a Lugo (Ravenna). L\u2019impresa ferroviaria, da sempre presente nel trasporto passeggeri in Puglia, dimostra ancora una volta di voler&nbsp;continuare a&nbsp;puntare sempre pi\u00f9 e con maggiore incisivit\u00e0 sul trasporto merci nel territorio nazionale.<span style=\"font-family: Georgia, 'Times New Roman', Times, serif;\">Da Giovinazzo le unit\u00e0 di carico potranno proseguire per tutto il sud Italia e sfruttare il gateway marittimo per Turchia\/Grecia o pi\u00f9 in generale per i Balcani. Con<\/span><span style=\"font-family: Georgia, 'Times New Roman', Times, serif;\"> una frequenza programmata di 3 circolazioni settimanali che diventeranno 6 circolazioni settimanali entro giugno 2021, il treno sar\u00e0 in grado di caricare containers di diverse dimensioni, casse mobili e semirimorchi con profilo sino a P400. Sar\u00e0 inoltre possibile spedire rifiuti e materiale ADR\/RID.&nbsp;<\/span><span style=\"font-family: Georgia, 'Times New Roman', Times, serif;\">Si potranno acquistare servizi terminal to terminal, per chi possiede le proprie unit\u00e0 di carico, ma sar\u00e0 anche possibile usufruire del servizio door to door utilizzando la flotta di container High Cube 45\u2019 e semirimorchi doppio profilo P386\/P400 di propriet\u00e0 di Lugo Terminal, che \u00e8 anche in grado di eseguire primo ed ultimo miglio con i propri camion. <\/span><span style=\"font-family: Georgia, 'Times New Roman', Times, serif;\">Questo treno rafforzer\u00e0 ulteriormente la presenza di Lugo Terminal Spa lungo la direttrice adriatica, contribuendo nel concreto al Green Deal promosso dalla Commissione Europea e togliendo dalla strada, una volta a regime, 14.904 camion all\u2019anno per un risparmio di Co2 pari a 9.687 tonnellate.<\/span><\/p>\n","protected":false},"excerpt":{"rendered":"<p>Una nuova collaborazione&nbsp;tra Lugo Terminal SpA e Ferrotramviaria SpA&nbsp;permetter\u00e0 di inaugurare l\u201911 gennaio 2021 un nuovo collegamento ferroviario intermodale&nbsp;tra Parma e Giovinazzo (Bari) con sosta commerciale a Lugo (Ravenna). L\u2019impresa ferroviaria, da sempre presente nel trasporto passeggeri in Puglia, dimostra ancora una volta di voler&nbsp;continuare a&nbsp;puntare sempre pi\u00f9 e con maggiore incisivit\u00e0 sul trasporto merci nel territorio nazionale.Da Giovinazzo le unit\u00e0 di carico potranno proseguire per tutto il sud Italia\u2026<\/p>\n<p class=\"continue-reading-button\"> <a class=\"continue-reading-link\" href=\"https:\/\/www.ilmondodeitreni.it\/blog\/?p=12458\">Continua la lettura<i class=\"crycon-right-dir\"><\/i><\/a><\/p>\n","protected":false},"author":1,"featured_media":0,"comment_status":"open","ping_status":"open","sticky":false,"template":"","format":"standard","meta":{"footnotes":""},"categories":[2],"tags":[8599,576,5,8598,2569,8597,236,1128],"class_list":["post-12458","post","type-post","status-publish","format-standard","hentry","category-news","tag-container","tag-ferrotramviaria","tag-ferrovie","tag-giovinazzo","tag-intermodale","tag-lugo-terminal","tag-parma","tag-trasporto-merci"],"_links":{"self":[{"href":"https:\/\/www.ilmondodeitreni.it\/blog\/index.php?rest_route=\/wp\/v2\/posts\/12458","targetHints":{"allow":["GET"]}}],"collection":[{"href":"https:\/\/www.ilmondodeitreni.it\/blog\/index.php?rest_route=\/wp\/v2\/posts"}],"about":[{"href":"https:\/\/www.ilmondodeitreni.it\/blog\/index.php?rest_route=\/wp\/v2\/types\/post"}],"author":[{"embeddable":true,"href":"https:\/\/www.ilmondodeitreni.it\/blog\/index.php?rest_route=\/wp\/v2\/users\/1"}],"replies":[{"embeddable":true,"href":"https:\/\/www.ilmondodeitreni.it\/blog\/index.php?rest_route=%2Fwp%2Fv2%2Fcomments&post=12458"}],"version-history":[{"count":2,"href":"https:\/\/www.ilmondodeitreni.it\/blog\/index.php?rest_route=\/wp\/v2\/posts\/12458\/revisions"}],"predecessor-version":[{"id":12461,"href":"https:\/\/www.ilmondodeitreni.it\/blog\/index.php?rest_route=\/wp\/v2\/posts\/12458\/revisions\/12461"}],"wp:attachment":[{"href":"https:\/\/www.ilmondodeitreni.it\/blog\/index.php?rest_route=%2Fwp%2Fv2%2Fmedia&parent=12458"}],"wp:term":[{"taxonomy":"category","embeddable":true,"href":"https:\/\/www.ilmondodeitreni.it\/blog\/index.php?rest_route=%2Fwp%2Fv2%2Fcategories&post=12458"},{"taxonomy":"post_tag","embeddable":true,"href":"https:\/\/www.ilmondodeitreni.it\/blog\/index.php?rest_route=%2Fwp%2Fv2%2Ftags&post=12458"}],"curies":[{"name":"wp","href":"https:\/\/api.w.org\/{rel}","templated":true}]}}