{"id":12262,"date":"2020-09-29T09:06:00","date_gmt":"2020-09-29T07:06:00","guid":{"rendered":"http:\/\/www.ilmondodeitreni.it\/blog\/?p=12262"},"modified":"2020-09-28T22:09:26","modified_gmt":"2020-09-28T20:09:26","slug":"in-viaggio-nelle-marche-due-treni-pop-in-rosa-griffati-giro-ditalia","status":"publish","type":"post","link":"https:\/\/www.ilmondodeitreni.it\/blog\/?p=12262","title":{"rendered":"In viaggio nelle Marche due treni Pop in rosa griffati Giro d\u2019Italia"},"content":{"rendered":"<p style=\"text-align: justify;\"><span style=\"font-size: 12pt; font-family: arial, helvetica, sans-serif;\"><a href=\"http:\/\/www.ilmondodeitreni.it\/blog\/wp-content\/uploads\/2020\/09\/16_09_2020_pop_rosa_Marche_Giro_Italia_interna.jpg\"><img loading=\"lazy\" decoding=\"async\" class=\"alignleft size-thumbnail wp-image-12263\" src=\"http:\/\/www.ilmondodeitreni.it\/blog\/wp-content\/uploads\/2020\/09\/16_09_2020_pop_rosa_Marche_Giro_Italia_interna-160x92.jpg\" alt=\"\" width=\"160\" height=\"92\" srcset=\"https:\/\/www.ilmondodeitreni.it\/blog\/wp-content\/uploads\/2020\/09\/16_09_2020_pop_rosa_Marche_Giro_Italia_interna-160x92.jpg 160w, https:\/\/www.ilmondodeitreni.it\/blog\/wp-content\/uploads\/2020\/09\/16_09_2020_pop_rosa_Marche_Giro_Italia_interna-640x368.jpg 640w, https:\/\/www.ilmondodeitreni.it\/blog\/wp-content\/uploads\/2020\/09\/16_09_2020_pop_rosa_Marche_Giro_Italia_interna-1024x589.jpg 1024w, https:\/\/www.ilmondodeitreni.it\/blog\/wp-content\/uploads\/2020\/09\/16_09_2020_pop_rosa_Marche_Giro_Italia_interna-768x442.jpg 768w, https:\/\/www.ilmondodeitreni.it\/blog\/wp-content\/uploads\/2020\/09\/16_09_2020_pop_rosa_Marche_Giro_Italia_interna-150x86.jpg 150w, https:\/\/www.ilmondodeitreni.it\/blog\/wp-content\/uploads\/2020\/09\/16_09_2020_pop_rosa_Marche_Giro_Italia_interna.jpg 1500w\" sizes=\"auto, (max-width: 160px) 100vw, 160px\" \/><\/a>Due treni regionali Pop si tingono di rosa nelle Marche in onore del Giro d\u2019Italia. \u00c8 iniziato da Ancona il viaggio di due regionali dalla livrea griffata con i colori e il logo del Giro 2020, lungo le linee della Regione. \u00c8 l&#8217;iniziativa di Trenitalia per una delle competizioni sportive pi\u00f9 conosciute e attese, non solo in Italia, di cui quest\u2019anno la societ\u00e0 di trasporto del Gruppo FS sar\u00e0 Official Green Carrier. Partner di un evento che racchiude significati che vanno oltre quelli legati alla kermesse agonistica lungo le strade italiane. Si doveva correre a maggio, si correr\u00e0 a ottobre, a testimoniare un\u2019Italia che non si ferma e rialza la testa, pedalando verso nuovi traguardi. Usciti dall\u2019impianto anconetano di Trenitalia con i panni del Giro, i due treni sono stati subito messi a disposizione dei viaggiatori: il primo in direzione di Ascoli Piceno, il secondo verso Fabriano. Varcheranno anche i confini marchigiani, raggiungendo Pescara, e resteranno in circolazione, con questa particolare livrea, fino all\u2019ultima tappa della gara ciclistica, in programma a Milano il 25 ottobre. La partenza dei due nuovi Pop \u00e8 solo la prima pedalata di una corsa che nel suo snodarsi lungo lo Stivale vedr\u00e0 affiancati Trenitalia, il Giro d\u2019Italia e le Marche. Il 14 ottobre, in occasione dell\u2019undicesima tappa, la Porto Sant\u2019Elpidio-Rimini, la societ\u00e0 di trasporto far\u00e0 viaggiare a bordo di uno dei due convogli rosa la coppa che verr\u00e0 assegnata al vincitore del Giro. Nel titolo di Official Green Carrier del Giro d\u2019Italia \u00e8 soprattutto il&nbsp;green&nbsp;a fare la differenza, a testimonianza dell\u2019importanza della&nbsp;salvaguardia dell\u2019ambiente&nbsp;per Trenitalia e per tutto il Gruppo FS Italiane. Non a caso la scelta per la livrea in rosa \u00e8 ricaduta sui treni&nbsp;Pop&nbsp;che, insieme ai&nbsp;Rock, rappresentano la&nbsp;nuova generazione all\u2019interno della flotta ferroviaria, con caratteristiche e prestazioni ottimali anche dal punto di vista ecologico: si tratta di mezzi riciclabili fino al 97% e capaci di far risparmiare energia fino al 30% rispetto ai treni del recente passato.<\/span><\/p>\n","protected":false},"excerpt":{"rendered":"<p>Due treni regionali Pop si tingono di rosa nelle Marche in onore del Giro d\u2019Italia. \u00c8 iniziato da Ancona il viaggio di due regionali dalla livrea griffata con i colori e il logo del Giro 2020, lungo le linee della Regione. \u00c8 l&#8217;iniziativa di Trenitalia per una delle competizioni sportive pi\u00f9 conosciute e attese, non solo in Italia, di cui quest\u2019anno la societ\u00e0 di trasporto del Gruppo FS sar\u00e0 Official\u2026<\/p>\n<p class=\"continue-reading-button\"> <a class=\"continue-reading-link\" href=\"https:\/\/www.ilmondodeitreni.it\/blog\/?p=12262\">Continua la lettura<i class=\"crycon-right-dir\"><\/i><\/a><\/p>\n","protected":false},"author":11,"featured_media":0,"comment_status":"open","ping_status":"open","sticky":false,"template":"","format":"standard","meta":{"footnotes":""},"categories":[2],"tags":[1217,5,5819,1353,391,8441,4811,6269,3095,23],"class_list":["post-12262","post","type-post","status-publish","format-standard","hentry","category-news","tag-ancona","tag-ferrovie","tag-giro-ditalia","tag-gruppo-fs-italiane","tag-marche","tag-official-green-carrier","tag-pop","tag-porto-santelpidio","tag-sport","tag-trenitalia"],"_links":{"self":[{"href":"https:\/\/www.ilmondodeitreni.it\/blog\/index.php?rest_route=\/wp\/v2\/posts\/12262","targetHints":{"allow":["GET"]}}],"collection":[{"href":"https:\/\/www.ilmondodeitreni.it\/blog\/index.php?rest_route=\/wp\/v2\/posts"}],"about":[{"href":"https:\/\/www.ilmondodeitreni.it\/blog\/index.php?rest_route=\/wp\/v2\/types\/post"}],"author":[{"embeddable":true,"href":"https:\/\/www.ilmondodeitreni.it\/blog\/index.php?rest_route=\/wp\/v2\/users\/11"}],"replies":[{"embeddable":true,"href":"https:\/\/www.ilmondodeitreni.it\/blog\/index.php?rest_route=%2Fwp%2Fv2%2Fcomments&post=12262"}],"version-history":[{"count":1,"href":"https:\/\/www.ilmondodeitreni.it\/blog\/index.php?rest_route=\/wp\/v2\/posts\/12262\/revisions"}],"predecessor-version":[{"id":12264,"href":"https:\/\/www.ilmondodeitreni.it\/blog\/index.php?rest_route=\/wp\/v2\/posts\/12262\/revisions\/12264"}],"wp:attachment":[{"href":"https:\/\/www.ilmondodeitreni.it\/blog\/index.php?rest_route=%2Fwp%2Fv2%2Fmedia&parent=12262"}],"wp:term":[{"taxonomy":"category","embeddable":true,"href":"https:\/\/www.ilmondodeitreni.it\/blog\/index.php?rest_route=%2Fwp%2Fv2%2Fcategories&post=12262"},{"taxonomy":"post_tag","embeddable":true,"href":"https:\/\/www.ilmondodeitreni.it\/blog\/index.php?rest_route=%2Fwp%2Fv2%2Ftags&post=12262"}],"curies":[{"name":"wp","href":"https:\/\/api.w.org\/{rel}","templated":true}]}}