{"id":12235,"date":"2020-09-18T22:03:18","date_gmt":"2020-09-18T20:03:18","guid":{"rendered":"http:\/\/www.ilmondodeitreni.it\/blog\/?p=12235"},"modified":"2020-09-18T22:03:18","modified_gmt":"2020-09-18T20:03:18","slug":"svizzera-chiusura-della-linea-tra-lugano-e-capolago-riva-s-vitale","status":"publish","type":"post","link":"https:\/\/www.ilmondodeitreni.it\/blog\/?p=12235","title":{"rendered":"Svizzera, chiusura della linea tra Lugano e Capolago-Riva S. Vitale"},"content":{"rendered":"<p style=\"text-align: justify;\"><span style=\"font-size: 12pt; font-family: arial, helvetica, sans-serif;\"><a href=\"http:\/\/www.ilmondodeitreni.it\/blog\/wp-content\/uploads\/2020\/09\/melide.jpg\"><img loading=\"lazy\" decoding=\"async\" class=\"alignleft size-thumbnail wp-image-12210\" src=\"http:\/\/www.ilmondodeitreni.it\/blog\/wp-content\/uploads\/2020\/09\/melide-160x71.jpg\" alt=\"\" width=\"160\" height=\"71\" srcset=\"https:\/\/www.ilmondodeitreni.it\/blog\/wp-content\/uploads\/2020\/09\/melide-160x71.jpg 160w, https:\/\/www.ilmondodeitreni.it\/blog\/wp-content\/uploads\/2020\/09\/melide-640x286.jpg 640w, https:\/\/www.ilmondodeitreni.it\/blog\/wp-content\/uploads\/2020\/09\/melide-150x67.jpg 150w, https:\/\/www.ilmondodeitreni.it\/blog\/wp-content\/uploads\/2020\/09\/melide.jpg 650w\" sizes=\"auto, (max-width: 160px) 100vw, 160px\" \/><\/a>Dalle 20.00 di sabato 19 settembre alle 08.00 di domenica 20 settembre \u00e8 prevista la chiusura totale della linea tra Lugano e Capolago-Riva S. Vitale. Tra Lugano e Melide la chiusura \u00e8 prolungata fino alle 05.00 di luned\u00ec 21 settembre. I collegamenti sono sostituiti con bus. A Lugano sono previsti cambiamenti agli orari di partenza gi\u00e0 dalle 12.00 di sabato. Sono da prevedere tempi di percorrenza maggiori. Il motivo sono importanti lavori per il completamento del Corridoio di 4 metri.&nbsp; Per maggiori informazioni sui singoli collegamenti consultare l\u2019orario online. In alternativa utilizzare l\u2019app FFS Mobile oppure contattare il Rail Service FFS allo 0848 44 66 88 (CHF 0.08\/min. da rete fissa svizzera) oppure allo +41 512 257 800 (dall\u2019estero). Per i viaggiatori diversamente abili, che necessitano di assistenza per la salita e discesa dai treni, \u00e8 importante contattare il numero gratuito 0800 007 102 (dalla Svizzera) o il numero +41 512 257 844 (dall&#8217;estero). Sui bus sostitutivi non \u00e8 possibile il trasporto di biciclette.<\/span><\/p>\n","protected":false},"excerpt":{"rendered":"<p>Dalle 20.00 di sabato 19 settembre alle 08.00 di domenica 20 settembre \u00e8 prevista la chiusura totale della linea tra Lugano e Capolago-Riva S. Vitale. Tra Lugano e Melide la chiusura \u00e8 prolungata fino alle 05.00 di luned\u00ec 21 settembre. I collegamenti sono sostituiti con bus. A Lugano sono previsti cambiamenti agli orari di partenza gi\u00e0 dalle 12.00 di sabato. Sono da prevedere tempi di percorrenza maggiori. Il motivo sono\u2026<\/p>\n<p class=\"continue-reading-button\"> <a class=\"continue-reading-link\" href=\"https:\/\/www.ilmondodeitreni.it\/blog\/?p=12235\">Continua la lettura<i class=\"crycon-right-dir\"><\/i><\/a><\/p>\n","protected":false},"author":12,"featured_media":0,"comment_status":"open","ping_status":"open","sticky":false,"template":"","format":"standard","meta":{"footnotes":""},"categories":[11],"tags":[8422,5,35,920,37],"class_list":["post-12235","post","type-post","status-publish","format-standard","hentry","category-news-estero","tag-capolago-riva-s-vitale","tag-ferrovie","tag-ffs","tag-lugano","tag-svizzera"],"_links":{"self":[{"href":"https:\/\/www.ilmondodeitreni.it\/blog\/index.php?rest_route=\/wp\/v2\/posts\/12235","targetHints":{"allow":["GET"]}}],"collection":[{"href":"https:\/\/www.ilmondodeitreni.it\/blog\/index.php?rest_route=\/wp\/v2\/posts"}],"about":[{"href":"https:\/\/www.ilmondodeitreni.it\/blog\/index.php?rest_route=\/wp\/v2\/types\/post"}],"author":[{"embeddable":true,"href":"https:\/\/www.ilmondodeitreni.it\/blog\/index.php?rest_route=\/wp\/v2\/users\/12"}],"replies":[{"embeddable":true,"href":"https:\/\/www.ilmondodeitreni.it\/blog\/index.php?rest_route=%2Fwp%2Fv2%2Fcomments&post=12235"}],"version-history":[{"count":1,"href":"https:\/\/www.ilmondodeitreni.it\/blog\/index.php?rest_route=\/wp\/v2\/posts\/12235\/revisions"}],"predecessor-version":[{"id":12236,"href":"https:\/\/www.ilmondodeitreni.it\/blog\/index.php?rest_route=\/wp\/v2\/posts\/12235\/revisions\/12236"}],"wp:attachment":[{"href":"https:\/\/www.ilmondodeitreni.it\/blog\/index.php?rest_route=%2Fwp%2Fv2%2Fmedia&parent=12235"}],"wp:term":[{"taxonomy":"category","embeddable":true,"href":"https:\/\/www.ilmondodeitreni.it\/blog\/index.php?rest_route=%2Fwp%2Fv2%2Fcategories&post=12235"},{"taxonomy":"post_tag","embeddable":true,"href":"https:\/\/www.ilmondodeitreni.it\/blog\/index.php?rest_route=%2Fwp%2Fv2%2Ftags&post=12235"}],"curies":[{"name":"wp","href":"https:\/\/api.w.org\/{rel}","templated":true}]}}