{"id":12216,"date":"2020-09-11T03:27:43","date_gmt":"2020-09-11T01:27:43","guid":{"rendered":"http:\/\/www.ilmondodeitreni.it\/blog\/?p=12216"},"modified":"2020-09-10T21:30:35","modified_gmt":"2020-09-10T19:30:35","slug":"teb-linea-t1-bergamo-albino-conclusi-i-lavori-della-nuova-banchina-al-capolinea-tramviario","status":"publish","type":"post","link":"https:\/\/www.ilmondodeitreni.it\/blog\/?p=12216","title":{"rendered":"TEB: Linea T1 Bergamo \u2013 Albino, conclusi i lavori della nuova banchina al capolinea tramviario"},"content":{"rendered":"<p style=\"text-align: justify;\"><span style=\"font-size: 12pt; font-family: arial, helvetica, sans-serif;\"><a href=\"http:\/\/www.ilmondodeitreni.it\/blog\/wp-content\/uploads\/2019\/04\/tebg.jpg\"><img loading=\"lazy\" decoding=\"async\" class=\"alignleft size-thumbnail wp-image-8982\" src=\"http:\/\/www.ilmondodeitreni.it\/blog\/wp-content\/uploads\/2019\/04\/tebg-160x120.jpg\" alt=\"\" width=\"160\" height=\"120\" srcset=\"https:\/\/www.ilmondodeitreni.it\/blog\/wp-content\/uploads\/2019\/04\/tebg-160x120.jpg 160w, https:\/\/www.ilmondodeitreni.it\/blog\/wp-content\/uploads\/2019\/04\/tebg-640x480.jpg 640w, https:\/\/www.ilmondodeitreni.it\/blog\/wp-content\/uploads\/2019\/04\/tebg-768x576.jpg 768w, https:\/\/www.ilmondodeitreni.it\/blog\/wp-content\/uploads\/2019\/04\/tebg-200x150.jpg 200w, https:\/\/www.ilmondodeitreni.it\/blog\/wp-content\/uploads\/2019\/04\/tebg-150x113.jpg 150w, https:\/\/www.ilmondodeitreni.it\/blog\/wp-content\/uploads\/2019\/04\/tebg.jpg 1024w\" sizes=\"auto, (max-width: 160px) 100vw, 160px\" \/><\/a>Conclusi i lavori per la realizzazione della nuova banchina al capolinea tramviario di Bergamo della Linea T1 Bergamo \u2013 Albino, iniziati a fine luglio scorso e completati per l\u2019avvio del nuovo servizio invernale in un solo un mese e mezzo di cantiere. Un percorso di collaborazione tra pi\u00f9 soggetti coinvolti che \u2013 con la firma del Protocollo d\u2019Intesa del 5 giugno scorso siglata fra Comune di Bergamo, FS Sistemi Urbani, Metropark e TEB \u2013, si \u00e8 concluso con la cessione dell\u2019area di circa 120 metri quadrati di propriet\u00e0 FS a TEB per consentire l\u2019utilizzo del terzo binario, gi\u00e0 esistente ma da sempre inutilizzato. La realizzazione della nuova banchina consentir\u00e0 a TEB, a partire dal 14 settembre 2020, di aumentare il numero delle corse con tram in partenza ogni 5 minuti nell\u2019ora di punta, favorendo cos\u00ec una miglior distribuzione dei passeggeri a bordo dei tram e alla fermata del capolinea Bergamo FS. La nuova banchina, dotata di percorsi e mappe tattili per ipovedenti e accesso a raso per disabili, nei prossimi giorni sar\u00e0 completata con l\u2019installazione di un pannello informativo delle corse in partenza e arrivo e di un adeguato sistema d\u2019illuminazione. La banchina del terzo binario \u00e8 stata realizzata da TEB per un costo complessivo di 90.000 euro, di cui 30.000 euro per l\u2019acquisizione dell\u2019area tra il capolinea e il parcheggio Metropark e 60.000 euro per i lavori di costruzione.<\/span><\/p>\n<p style=\"text-align: justify;\"><span style=\"font-size: 12pt; font-family: arial, helvetica, sans-serif;\">\u201cSiamo molto soddisfatti \u2013 dichiara&nbsp;Filippo Simonetti, presidente TEB \u2013 perch\u00e9 \u00e8 un\u2019opera che ci permetter\u00e0 di portare finalmente tre tram contemporaneamente in stazione aumentando la capacit\u00e0 della fermata. \u00c8 un progetto che stavamo perseguendo da anni consapevoli dell\u2019importanza della possibilit\u00e0 di utilizzo di questo binario a garanzia di un servizio ancora pi\u00f9 efficiente per i numerosi passeggeri che utilizzano quotidianamente il tram dal capolinea di interscambio cittadino.<\/span><\/p>\n<p style=\"text-align: justify;\"><span style=\"font-size: 12pt; font-family: arial, helvetica, sans-serif;\">\u201cUn ringraziamento particolare \u2013 conclude \u2013 va al Comune di Bergamo, FS Sistemi Urbani e Metropark per la positiva collaborazione che ha consentito il raggiungimento di questo risultato in tempi molto brevi.\u201d<\/span><\/p>\n","protected":false},"excerpt":{"rendered":"<p>Conclusi i lavori per la realizzazione della nuova banchina al capolinea tramviario di Bergamo della Linea T1 Bergamo \u2013 Albino, iniziati a fine luglio scorso e completati per l\u2019avvio del nuovo servizio invernale in un solo un mese e mezzo di cantiere. Un percorso di collaborazione tra pi\u00f9 soggetti coinvolti che \u2013 con la firma del Protocollo d\u2019Intesa del 5 giugno scorso siglata fra Comune di Bergamo, FS Sistemi Urbani,\u2026<\/p>\n<p class=\"continue-reading-button\"> <a class=\"continue-reading-link\" href=\"https:\/\/www.ilmondodeitreni.it\/blog\/?p=12216\">Continua la lettura<i class=\"crycon-right-dir\"><\/i><\/a><\/p>\n","protected":false},"author":10,"featured_media":0,"comment_status":"open","ping_status":"open","sticky":false,"template":"","format":"standard","meta":{"footnotes":""},"categories":[2],"tags":[507,3989,8409,6135,69,8410,2961],"class_list":["post-12216","post","type-post","status-publish","format-standard","hentry","category-news","tag-bergamo","tag-filippo-simonetti","tag-linea-t1","tag-metropark","tag-mobilita","tag-s-sistemi-urbani","tag-teb"],"_links":{"self":[{"href":"https:\/\/www.ilmondodeitreni.it\/blog\/index.php?rest_route=\/wp\/v2\/posts\/12216","targetHints":{"allow":["GET"]}}],"collection":[{"href":"https:\/\/www.ilmondodeitreni.it\/blog\/index.php?rest_route=\/wp\/v2\/posts"}],"about":[{"href":"https:\/\/www.ilmondodeitreni.it\/blog\/index.php?rest_route=\/wp\/v2\/types\/post"}],"author":[{"embeddable":true,"href":"https:\/\/www.ilmondodeitreni.it\/blog\/index.php?rest_route=\/wp\/v2\/users\/10"}],"replies":[{"embeddable":true,"href":"https:\/\/www.ilmondodeitreni.it\/blog\/index.php?rest_route=%2Fwp%2Fv2%2Fcomments&post=12216"}],"version-history":[{"count":1,"href":"https:\/\/www.ilmondodeitreni.it\/blog\/index.php?rest_route=\/wp\/v2\/posts\/12216\/revisions"}],"predecessor-version":[{"id":12217,"href":"https:\/\/www.ilmondodeitreni.it\/blog\/index.php?rest_route=\/wp\/v2\/posts\/12216\/revisions\/12217"}],"wp:attachment":[{"href":"https:\/\/www.ilmondodeitreni.it\/blog\/index.php?rest_route=%2Fwp%2Fv2%2Fmedia&parent=12216"}],"wp:term":[{"taxonomy":"category","embeddable":true,"href":"https:\/\/www.ilmondodeitreni.it\/blog\/index.php?rest_route=%2Fwp%2Fv2%2Fcategories&post=12216"},{"taxonomy":"post_tag","embeddable":true,"href":"https:\/\/www.ilmondodeitreni.it\/blog\/index.php?rest_route=%2Fwp%2Fv2%2Ftags&post=12216"}],"curies":[{"name":"wp","href":"https:\/\/api.w.org\/{rel}","templated":true}]}}