{"id":12144,"date":"2020-08-18T21:18:52","date_gmt":"2020-08-18T19:18:52","guid":{"rendered":"http:\/\/www.ilmondodeitreni.it\/blog\/?p=12144"},"modified":"2020-08-18T21:43:06","modified_gmt":"2020-08-18T19:43:06","slug":"fs-international-completa-il-lavoro-di-consulenza-di-ferrocarril-central","status":"publish","type":"post","link":"https:\/\/www.ilmondodeitreni.it\/blog\/?p=12144","title":{"rendered":"FS International completa il lavoro di consulenza di Ferrocarril Central"},"content":{"rendered":"<p style=\"text-align: justify;\"><span style=\"font-size: 12pt;\"><a href=\"http:\/\/www.ilmondodeitreni.it\/blog\/wp-content\/uploads\/2020\/06\/2144204.jpg\"><img loading=\"lazy\" decoding=\"async\" class=\"alignleft size-thumbnail wp-image-11844\" src=\"http:\/\/www.ilmondodeitreni.it\/blog\/wp-content\/uploads\/2020\/06\/2144204-160x115.jpg\" alt=\"\" width=\"160\" height=\"115\" srcset=\"https:\/\/www.ilmondodeitreni.it\/blog\/wp-content\/uploads\/2020\/06\/2144204-160x115.jpg 160w, https:\/\/www.ilmondodeitreni.it\/blog\/wp-content\/uploads\/2020\/06\/2144204-150x107.jpg 150w, https:\/\/www.ilmondodeitreni.it\/blog\/wp-content\/uploads\/2020\/06\/2144204.jpg 640w\" sizes=\"auto, (max-width: 160px) 100vw, 160px\" \/><\/a>Il Gruppo FS Italiane ha completato il suo contratto di consulenza tecnica di sei mesi per i lavori sul progetto di ammodernamento della centrale Ferrocarril, ha dichiarato all&#8217;inizio di agosto il gruppo holding delle ferrovie statali italiane. Il suo braccio di consulenza FS International ha presentato una relazione finale al Ministero dei Trasporti e dei Lavori Pubblici alla fine di luglio nel suo ruolo di revisore dei dettagli dell&#8217;ingegneria per lo schema.&nbsp;Il potenziamento del corridoio di 273 km tra il porto di Montevideo e Paso de los Toros \u00e8 stato intrapreso dal consorzio V\u00eda Central delle societ\u00e0 locali Saceem e Berkes, Sacyr della Spagna e NGE dalla Francia nell&#8217;ambito di 18 anni di progettazione, finanziamento, costruzione e mantenere il contratto di PPP assegnato lo scorso anno. Nonostante l&#8217;epidemia di pandemia Covid-19, FS International ha mantenuto un team locale a Montevideo aggiungendo pi\u00f9 lavoro a distanza dalla sua sede di Roma, dove hanno potuto partecipare gli specialisti del gestore dell&#8217;infrastruttura RFI.<\/span><\/p>\n<p style=\"text-align: justify;\"><span style=\"font-size: 12pt;\">&#8220;Siamo molto orgogliosi di aver contribuito a un progetto cos\u00ec strategico, anche considerando i tempi difficili che stiamo attraversando&#8221;, ha dichiarato Filippo Scotti, Amministratore Delegato di FS International.&nbsp;&#8220;Consideriamo il nostro successo in Uruguay un passo avanti nello sviluppo del business di FS International in questo settore.&#8221;<\/span><\/p>\n","protected":false},"excerpt":{"rendered":"<p>Il Gruppo FS Italiane ha completato il suo contratto di consulenza tecnica di sei mesi per i lavori sul progetto di ammodernamento della centrale Ferrocarril, ha dichiarato all&#8217;inizio di agosto il gruppo holding delle ferrovie statali italiane. Il suo braccio di consulenza FS International ha presentato una relazione finale al Ministero dei Trasporti e dei Lavori Pubblici alla fine di luglio nel suo ruolo di revisore dei dettagli dell&#8217;ingegneria per\u2026<\/p>\n<p class=\"continue-reading-button\"> <a class=\"continue-reading-link\" href=\"https:\/\/www.ilmondodeitreni.it\/blog\/?p=12144\">Continua la lettura<i class=\"crycon-right-dir\"><\/i><\/a><\/p>\n","protected":false},"author":1,"featured_media":0,"comment_status":"open","ping_status":"open","sticky":false,"template":"","format":"standard","meta":{"footnotes":""},"categories":[11],"tags":[6596,5,8357,1353,6598,8358,8209,8356],"class_list":["post-12144","post","type-post","status-publish","format-standard","hentry","category-news-estero","tag-ferrocarril-central","tag-ferrovie","tag-filippo-scotti","tag-gruppo-fs-italiane","tag-montevideo","tag-saceem","tag-uruguay-central-railroad","tag-via-central"],"_links":{"self":[{"href":"https:\/\/www.ilmondodeitreni.it\/blog\/index.php?rest_route=\/wp\/v2\/posts\/12144","targetHints":{"allow":["GET"]}}],"collection":[{"href":"https:\/\/www.ilmondodeitreni.it\/blog\/index.php?rest_route=\/wp\/v2\/posts"}],"about":[{"href":"https:\/\/www.ilmondodeitreni.it\/blog\/index.php?rest_route=\/wp\/v2\/types\/post"}],"author":[{"embeddable":true,"href":"https:\/\/www.ilmondodeitreni.it\/blog\/index.php?rest_route=\/wp\/v2\/users\/1"}],"replies":[{"embeddable":true,"href":"https:\/\/www.ilmondodeitreni.it\/blog\/index.php?rest_route=%2Fwp%2Fv2%2Fcomments&post=12144"}],"version-history":[{"count":1,"href":"https:\/\/www.ilmondodeitreni.it\/blog\/index.php?rest_route=\/wp\/v2\/posts\/12144\/revisions"}],"predecessor-version":[{"id":12145,"href":"https:\/\/www.ilmondodeitreni.it\/blog\/index.php?rest_route=\/wp\/v2\/posts\/12144\/revisions\/12145"}],"wp:attachment":[{"href":"https:\/\/www.ilmondodeitreni.it\/blog\/index.php?rest_route=%2Fwp%2Fv2%2Fmedia&parent=12144"}],"wp:term":[{"taxonomy":"category","embeddable":true,"href":"https:\/\/www.ilmondodeitreni.it\/blog\/index.php?rest_route=%2Fwp%2Fv2%2Fcategories&post=12144"},{"taxonomy":"post_tag","embeddable":true,"href":"https:\/\/www.ilmondodeitreni.it\/blog\/index.php?rest_route=%2Fwp%2Fv2%2Ftags&post=12144"}],"curies":[{"name":"wp","href":"https:\/\/api.w.org\/{rel}","templated":true}]}}