{"id":12105,"date":"2020-08-05T20:55:13","date_gmt":"2020-08-05T18:55:13","guid":{"rendered":"http:\/\/www.ilmondodeitreni.it\/blog\/?p=12105"},"modified":"2020-08-05T17:55:13","modified_gmt":"2020-08-05T15:55:13","slug":"marche-inaugurata-nuova-fermata-ferroviaria-macerata-universita","status":"publish","type":"post","link":"https:\/\/www.ilmondodeitreni.it\/blog\/?p=12105","title":{"rendered":"Marche: inaugurata nuova fermata ferroviaria \u201cMacerata Universit\u00e0\u201d"},"content":{"rendered":"<p style=\"text-align: justify;\"><span style=\"font-size: 12pt; font-family: arial, helvetica, sans-serif;\"><a href=\"http:\/\/www.ilmondodeitreni.it\/blog\/wp-content\/uploads\/2020\/07\/castelveterealn-668_1872.jpg\"><img loading=\"lazy\" decoding=\"async\" class=\"alignleft size-thumbnail wp-image-12069\" src=\"http:\/\/www.ilmondodeitreni.it\/blog\/wp-content\/uploads\/2020\/07\/castelveterealn-668_1872-160x120.jpg\" alt=\"\" width=\"160\" height=\"120\" srcset=\"https:\/\/www.ilmondodeitreni.it\/blog\/wp-content\/uploads\/2020\/07\/castelveterealn-668_1872-160x120.jpg 160w, https:\/\/www.ilmondodeitreni.it\/blog\/wp-content\/uploads\/2020\/07\/castelveterealn-668_1872-640x480.jpg 640w, https:\/\/www.ilmondodeitreni.it\/blog\/wp-content\/uploads\/2020\/07\/castelveterealn-668_1872-1024x768.jpg 1024w, https:\/\/www.ilmondodeitreni.it\/blog\/wp-content\/uploads\/2020\/07\/castelveterealn-668_1872-768x576.jpg 768w, https:\/\/www.ilmondodeitreni.it\/blog\/wp-content\/uploads\/2020\/07\/castelveterealn-668_1872-1536x1152.jpg 1536w, https:\/\/www.ilmondodeitreni.it\/blog\/wp-content\/uploads\/2020\/07\/castelveterealn-668_1872-150x113.jpg 150w, https:\/\/www.ilmondodeitreni.it\/blog\/wp-content\/uploads\/2020\/07\/castelveterealn-668_1872.jpg 1984w\" sizes=\"auto, (max-width: 160px) 100vw, 160px\" \/><\/a>\u00c8 stata inaugurata la nuova fermata ferroviaria \u201cMacerata Universit\u00e0\u201d. Realizzata in localit\u00e0 Vallebona, in corrispondenza dell\u2019Ateneo maceratese, serve il polo universitario, caratterizzato da un\u2019utenza di circa 2.600 studenti, oltre al personale docente e tecnico-amministrativo. <\/span><span style=\"font-size: 12pt; font-family: arial, helvetica, sans-serif;\">Alla cerimonia sono intervenuti il presidente della Regione Luca Ceriscioli, l\u2019assessore regionale ai Trasporti Angelo Sciapichetti, il sindaco Romano Carancini e il rettore Francesco Adornato, autorit\u00e0 locali, insieme ai rappresentanti di Rete Ferroviaria Italiana e Trenitalia.<\/span><\/p>\n<p style=\"text-align: justify;\"><span style=\"font-size: 12pt; font-family: arial, helvetica, sans-serif;\">\u201cUna stazione bellissima, una bella realizzazione per Macerata e l\u2019Universit\u00e0, un tassello di un investimento pi\u00f9 ampio per rafforzare la Civitanova Albacina con l\u2019elettrificazione della linea e 110 milioni di investimenti\u201d, ha sottolineato il presidente Ceriscioli, parlando di un \u201csegno importante per la citt\u00e0 e di uno snodo ancor pi\u00f9 importante di un progetto complessivo\u201d. Ha ribadito che \u201csiamo di fronte a un contesto di investimenti sulle linee ferroviarie e sui treni all\u2019insegna di una qualit\u00e0 straordinaria. La stazione inaugurata, prima in Italia a denominarsi Universit\u00e0, si colloca all\u2019interno di un progetto pi\u00f9 ampio e articolato, che punta a elettrificare la rete ferroviaria marchigiana, al rinnovo (entro il 2025) dei 25 treni regionali, all\u2019eliminazione dei passaggi a livello con i sottopassi, a promuovere la mobilit\u00e0 dolce intermodale treno e bicicletta\u201d.<\/span><\/p>\n<p style=\"text-align: justify;\"><span style=\"font-size: 12pt; font-family: arial, helvetica, sans-serif;\">L\u2019assessore Sciapichetti ha parlato di \u201cuna realizzazione importante che la citt\u00e0 chiedeva da un decennio. La Regione ha creato le condizioni e finanziato il progetto per tramutare un sogno in realt\u00e0\u201d. Ha ribadito che, quelli trascorsi, sono stati \u201ccinque anni proficui di lavoro. La prossima tappa sar\u00e0 rappresentata dalla realizzazione della stazione a servizio del Campus scolastico di Tolentino. Un investimento fortemente voluto dal Comune, gi\u00e0 finanziato dalla Regione perch\u00e9 strategico per la ricostruzione della citt\u00e0 e il rafforzamento dei suoi servizi\u201d. Il sindaco Carancini ha ringraziato la Regione che ha creduto e investito in questo progetto, l\u2019Universit\u00e0 che ha spinto per la sua concretizzazione, le ferrovie per la disponibilit\u00e0 ad accogliere le esigenze del territorio: \u201cAbbiamo assistito a una fusione istituzionale che ha evidenziato come la nostra sia una vera comunit\u00e0 di intenti condivisi e di coesione sociale\u201d.<\/span><\/p>\n<p style=\"text-align: justify;\"><span style=\"font-size: 12pt; font-family: arial, helvetica, sans-serif;\">Il rettore Adornato ha parlato di \u201cuna giornata che apre al futuro. I treni sono dei segni: dove arrivano, arrivano il dinamismo e gli scambi culturali. Qui attorno ruota una comunit\u00e0 universitaria di cinquemila persone che potr\u00e0 disporre di un servizio adeguato alle esigenze espresse\u201d.<\/span><\/p>\n<p style=\"text-align: justify;\"><span style=\"font-size: 12pt; font-family: arial, helvetica, sans-serif;\">L\u2019intervento \u00e8 stato realizzato nell\u2019ambito dei lavori di elettrificazione della linea Civitanova Marche \u2013 Albacina, che prevedono anche opere di ampliamento e ammodernamento delle stazioni presenti lungo il percorso. Quella di \u201cMacerata Universit\u00e0\u201d \u00e8 invece una nuova fermata, predisposta al Km 25+470 di Vallebona. \u00c8 stata chiesta dall\u2019Universit\u00e0 degli Studi e dalla Regione Marche a Rfi (Rete ferroviaria italiana) gi\u00e0 nel 2015, concretizzata poi con un accordo di programma tra Rfi, Comune, Universit\u00e0 e Regione che ha definito \u201cstrategico\u201d l\u2019investimento, finanziandolo con 1,35 milioni di euro (Piano investimenti 2019-2021). Altri 300 mila euro sono stati resi disponibili da Rfi. L\u2019opera realizzata accrescere i livelli di accessibilit\u00e0 dell\u2019Universit\u00e0, innescando \u2013 come \u00e8 stato evidenziato nel corso della cerimonia \u2013 \u201cun significativo spostamento dal trasporto individuale a quello collettivo, con effetti benefici sulla congestione stradale (in particolare lungo la Statale 77 Val di Chienti), sull\u2019inquinamento atmosferico, sulla sicurezza della circolazione e, quindi, sulla qualit\u00e0 di vita della popolazione\u201d. La nuova fermata dispone di un ampio parcheggio; una scalinata e una rampa per il raggiungimento della fermata dall\u2019esterno; un nuovo marciapiede di lunghezza 150m, H25, dotato di pensilina e percorsi tattili; biglietterie self service; impianto d\u2019illuminazione a led; sistemi di videosorveglianza; informazione audio al pubblico; arredo e accessori dedicati.<\/span><\/p>\n","protected":false},"excerpt":{"rendered":"<p>\u00c8 stata inaugurata la nuova fermata ferroviaria \u201cMacerata Universit\u00e0\u201d. Realizzata in localit\u00e0 Vallebona, in corrispondenza dell\u2019Ateneo maceratese, serve il polo universitario, caratterizzato da un\u2019utenza di circa 2.600 studenti, oltre al personale docente e tecnico-amministrativo. Alla cerimonia sono intervenuti il presidente della Regione Luca Ceriscioli, l\u2019assessore regionale ai Trasporti Angelo Sciapichetti, il sindaco Romano Carancini e il rettore Francesco Adornato, autorit\u00e0 locali, insieme ai rappresentanti di Rete Ferroviaria Italiana e Trenitalia.\u2026<\/p>\n<p class=\"continue-reading-button\"> <a class=\"continue-reading-link\" href=\"https:\/\/www.ilmondodeitreni.it\/blog\/?p=12105\">Continua la lettura<i class=\"crycon-right-dir\"><\/i><\/a><\/p>\n","protected":false},"author":10,"featured_media":0,"comment_status":"open","ping_status":"open","sticky":false,"template":"","format":"standard","meta":{"footnotes":""},"categories":[2],"tags":[2046,5,3625,5412,2916,34,5414,29,5417],"class_list":["post-12105","post","type-post","status-publish","format-standard","hentry","category-news","tag-angelo-sciapichetti","tag-ferrovie","tag-luca-ceriscioli","tag-macerata-universita","tag-regione-marche","tag-rfi","tag-romano-carancini","tag-trasporti","tag-universita-di-macerata"],"_links":{"self":[{"href":"https:\/\/www.ilmondodeitreni.it\/blog\/index.php?rest_route=\/wp\/v2\/posts\/12105","targetHints":{"allow":["GET"]}}],"collection":[{"href":"https:\/\/www.ilmondodeitreni.it\/blog\/index.php?rest_route=\/wp\/v2\/posts"}],"about":[{"href":"https:\/\/www.ilmondodeitreni.it\/blog\/index.php?rest_route=\/wp\/v2\/types\/post"}],"author":[{"embeddable":true,"href":"https:\/\/www.ilmondodeitreni.it\/blog\/index.php?rest_route=\/wp\/v2\/users\/10"}],"replies":[{"embeddable":true,"href":"https:\/\/www.ilmondodeitreni.it\/blog\/index.php?rest_route=%2Fwp%2Fv2%2Fcomments&post=12105"}],"version-history":[{"count":1,"href":"https:\/\/www.ilmondodeitreni.it\/blog\/index.php?rest_route=\/wp\/v2\/posts\/12105\/revisions"}],"predecessor-version":[{"id":12106,"href":"https:\/\/www.ilmondodeitreni.it\/blog\/index.php?rest_route=\/wp\/v2\/posts\/12105\/revisions\/12106"}],"wp:attachment":[{"href":"https:\/\/www.ilmondodeitreni.it\/blog\/index.php?rest_route=%2Fwp%2Fv2%2Fmedia&parent=12105"}],"wp:term":[{"taxonomy":"category","embeddable":true,"href":"https:\/\/www.ilmondodeitreni.it\/blog\/index.php?rest_route=%2Fwp%2Fv2%2Fcategories&post=12105"},{"taxonomy":"post_tag","embeddable":true,"href":"https:\/\/www.ilmondodeitreni.it\/blog\/index.php?rest_route=%2Fwp%2Fv2%2Ftags&post=12105"}],"curies":[{"name":"wp","href":"https:\/\/api.w.org\/{rel}","templated":true}]}}