{"id":12049,"date":"2020-07-22T13:27:19","date_gmt":"2020-07-22T11:27:19","guid":{"rendered":"http:\/\/www.ilmondodeitreni.it\/blog\/?p=12049"},"modified":"2020-07-22T13:27:19","modified_gmt":"2020-07-22T11:27:19","slug":"la-ceo-di-ffs-cargo-desiree-baer-presenta-gli-indirizzi-strategici","status":"publish","type":"post","link":"https:\/\/www.ilmondodeitreni.it\/blog\/?p=12049","title":{"rendered":"La CEO di FFS Cargo D\u00e9sir\u00e9e Baer presenta gli indirizzi strategici"},"content":{"rendered":"<p style=\"text-align: justify;\"><span style=\"font-size: 12pt; font-family: arial, helvetica, sans-serif;\"><a href=\"http:\/\/www.ilmondodeitreni.it\/blog\/2016\/12\/11\/nuovo-atrio-e-nuova-funicolare-tpl-alla-stazione-ffs-di-lugano-inaugurata-oggi-la-terrazza-del-ticino\/ffs_15439895\/\" rel=\"attachment wp-att-5112\"><img loading=\"lazy\" decoding=\"async\" class=\"alignleft size-thumbnail wp-image-5112\" src=\"http:\/\/www.ilmondodeitreni.it\/blog\/wp-content\/uploads\/2016\/12\/ffs_15439895-160x91.jpg\" alt=\"\" width=\"160\" height=\"91\" srcset=\"https:\/\/www.ilmondodeitreni.it\/blog\/wp-content\/uploads\/2016\/12\/ffs_15439895-160x91.jpg 160w, https:\/\/www.ilmondodeitreni.it\/blog\/wp-content\/uploads\/2016\/12\/ffs_15439895.jpg 640w, https:\/\/www.ilmondodeitreni.it\/blog\/wp-content\/uploads\/2016\/12\/ffs_15439895-250x141.jpg 250w, https:\/\/www.ilmondodeitreni.it\/blog\/wp-content\/uploads\/2016\/12\/ffs_15439895-300x170.jpg 300w, https:\/\/www.ilmondodeitreni.it\/blog\/wp-content\/uploads\/2016\/12\/ffs_15439895-150x85.jpg 150w\" sizes=\"auto, (max-width: 160px) 100vw, 160px\" \/><\/a>Sin dal primo giorno in carica di D\u00e9sir\u00e9e Baer come CEO della FFS Cargo SA l\u2019attivit\u00e0 quotidiana \u00e8 stata condizionata dall\u2019emergenza coronavirus. Da un lato, la crisi ha mostrato che FFS Cargo, con i grandi volumi trasportati, ha un ruolo centrale nell\u2019approvvigionamento nazionale ed \u00e8 in grado di reagire in modo flessibile alle mutevoli esigenze dei clienti. Lo ha confermato ad esempio la rapidit\u00e0 con cui l\u2019azienda, grazie al grande impegno dei collaboratori, ha messo a disposizione capacit\u00e0 supplementari per il commercio al dettaglio con trasporti a breve termine. Dall\u2019altro, tuttavia, la crisi ha lasciato un segno sul piano finanziario: FFS Cargo, come il resto del settore, ha subito un crollo del traffico.<\/span><\/p>\n<p style=\"text-align: justify;\"><span style=\"font-size: 12pt; font-family: arial, helvetica, sans-serif;\">Nonostante i considerevoli sforzi degli ultimi anni, FFS Cargo non ha ancora raggiunto la sostenibilit\u00e0 finanziaria. La crisi coronavirus e la conseguente flessione economica hanno esacerbato ulteriormente le difficolt\u00e0 finanziarie. La situazione \u00e8 inoltre aggravata dal fatto che il sistema di produzione di FFS Cargo non riesce a reagire in maniera abbastanza rapida ai cambiamenti e a rispondere adeguatamente alle diverse esigenze dei clienti.&nbsp;<\/span><\/p>\n<p style=\"text-align: justify;\"><span style=\"font-size: 12pt; font-family: arial, helvetica, sans-serif;\">FFS Cargo sta facendo tutto il possibile per soddisfare il requisito legale di autonomia finanziaria. Il traffico merci rimane centrale per l&#8217;integrazione dei flussi di merci nazionali e internazionali nonch\u00e9 come contributo FFS alla politica di trasferimento del traffico dalla strada alla rotaia.&nbsp;<\/span><\/p>\n<p style=\"text-align: justify;\"><span style=\"font-size: 12pt; font-family: arial, helvetica, sans-serif;\">Per accrescere la sua flessibilit\u00e0 e la sua redditivit\u00e0, FFS Cargo si concentra sugli indirizzi strategici seguenti:<\/span><\/p>\n<ul style=\"text-align: justify;\">\n<li><span style=\"font-size: 12pt; font-family: arial, helvetica, sans-serif;\">FFS Cargo punta a concentrarsi maggiormente sulle diverse esigenze dei clienti e a orientare l\u2019offerta alle loro necessit\u00e0 specifiche e al generale bisogno di flessibilit\u00e0. Questo per rafforzare la competitivit\u00e0 e reagire pi\u00f9 velocemente alle mutate circostanze. Il partenariato con Swiss Combi rafforzer\u00e0 la capacit\u00e0 di mercato e i risultati economici di FFS Cargo<\/span><\/li>\n<li><span style=\"font-size: 12pt; font-family: arial, helvetica, sans-serif;\">FFS Cargo intende perseguire sistematicamente l\u2019autonomia finanziaria prescritta dalla legge sul trasporto di merci e dal proprietario, il che richiede tra l\u2019altro un continuo miglioramento della rete di trasporto in linea con le esigenze di mercato. Per FFS Cargo l\u2019autonomia finanziaria serve ad assicurare la capacit\u00e0 di reinvestimento. La mentalit\u00e0 e l\u2019azione imprenditoriale dei collaboratori devono essere rafforzate per promuovere il cambiamento culturale<\/span><\/li>\n<li><span style=\"font-size: 12pt; font-family: arial, helvetica, sans-serif;\">FFS Cargo sfrutta i vantaggi ecologici del trasporto merci su rotaia, essenziali per il trasferimento del traffico, ma anche per l\u2019orientamento sostenibile, rispettoso del clima ed efficiente in termini di risorse delle catene di fornitura<\/span><\/li>\n<\/ul>\n<p style=\"text-align: justify;\"><span style=\"font-size: 12pt; font-family: arial, helvetica, sans-serif;\">L\u2019obiettivo del risanamento e dell\u2019ulteriore sviluppo, che consiste nel ridurre ancora di pi\u00f9 i costi grazie alla semplificazione dei processi e delle strutture, rimane impegnativo in questo mercato altamente competitivo. Oltre all\u2019elaborazione di soluzioni di approvvigionamento e smaltimento efficienti per le aree economiche, l\u2019azienda investe anche nell\u2019automazione e nella digitalizzazione. L\u2019obiettivo \u00e8 quello di rendere FFS Cargo pi\u00f9 efficiente, flessibile e veloce. Ci\u00f2 aumenta la competitivit\u00e0 della ferrovia merci sul mercato e al contempo ne riduce i costi strutturali.<\/span><\/p>\n","protected":false},"excerpt":{"rendered":"<p>Sin dal primo giorno in carica di D\u00e9sir\u00e9e Baer come CEO della FFS Cargo SA l\u2019attivit\u00e0 quotidiana \u00e8 stata condizionata dall\u2019emergenza coronavirus. Da un lato, la crisi ha mostrato che FFS Cargo, con i grandi volumi trasportati, ha un ruolo centrale nell\u2019approvvigionamento nazionale ed \u00e8 in grado di reagire in modo flessibile alle mutevoli esigenze dei clienti. Lo ha confermato ad esempio la rapidit\u00e0 con cui l\u2019azienda, grazie al grande\u2026<\/p>\n<p class=\"continue-reading-button\"> <a class=\"continue-reading-link\" href=\"https:\/\/www.ilmondodeitreni.it\/blog\/?p=12049\">Continua la lettura<i class=\"crycon-right-dir\"><\/i><\/a><\/p>\n","protected":false},"author":12,"featured_media":0,"comment_status":"open","ping_status":"open","sticky":false,"template":"","format":"standard","meta":{"footnotes":""},"categories":[11],"tags":[7852,355,29],"class_list":["post-12049","post","type-post","status-publish","format-standard","hentry","category-news-estero","tag-desiree-baer","tag-ffs-cargo","tag-trasporti"],"_links":{"self":[{"href":"https:\/\/www.ilmondodeitreni.it\/blog\/index.php?rest_route=\/wp\/v2\/posts\/12049","targetHints":{"allow":["GET"]}}],"collection":[{"href":"https:\/\/www.ilmondodeitreni.it\/blog\/index.php?rest_route=\/wp\/v2\/posts"}],"about":[{"href":"https:\/\/www.ilmondodeitreni.it\/blog\/index.php?rest_route=\/wp\/v2\/types\/post"}],"author":[{"embeddable":true,"href":"https:\/\/www.ilmondodeitreni.it\/blog\/index.php?rest_route=\/wp\/v2\/users\/12"}],"replies":[{"embeddable":true,"href":"https:\/\/www.ilmondodeitreni.it\/blog\/index.php?rest_route=%2Fwp%2Fv2%2Fcomments&post=12049"}],"version-history":[{"count":1,"href":"https:\/\/www.ilmondodeitreni.it\/blog\/index.php?rest_route=\/wp\/v2\/posts\/12049\/revisions"}],"predecessor-version":[{"id":12050,"href":"https:\/\/www.ilmondodeitreni.it\/blog\/index.php?rest_route=\/wp\/v2\/posts\/12049\/revisions\/12050"}],"wp:attachment":[{"href":"https:\/\/www.ilmondodeitreni.it\/blog\/index.php?rest_route=%2Fwp%2Fv2%2Fmedia&parent=12049"}],"wp:term":[{"taxonomy":"category","embeddable":true,"href":"https:\/\/www.ilmondodeitreni.it\/blog\/index.php?rest_route=%2Fwp%2Fv2%2Fcategories&post=12049"},{"taxonomy":"post_tag","embeddable":true,"href":"https:\/\/www.ilmondodeitreni.it\/blog\/index.php?rest_route=%2Fwp%2Fv2%2Ftags&post=12049"}],"curies":[{"name":"wp","href":"https:\/\/api.w.org\/{rel}","templated":true}]}}