{"id":11976,"date":"2020-07-02T20:01:01","date_gmt":"2020-07-02T18:01:01","guid":{"rendered":"http:\/\/www.ilmondodeitreni.it\/blog\/?p=11976"},"modified":"2020-07-02T19:07:29","modified_gmt":"2020-07-02T17:07:29","slug":"fs-italiane-arriva-il-primo-treno-rock-di-trenitalia-per-il-lazio","status":"publish","type":"post","link":"https:\/\/www.ilmondodeitreni.it\/blog\/?p=11976","title":{"rendered":"FS Italiane: arriva il primo treno Rock di Trenitalia per il Lazio"},"content":{"rendered":"<p style=\"text-align: justify;\"><span style=\"font-size: 12pt; font-family: arial, helvetica, sans-serif;\"><a href=\"http:\/\/www.ilmondodeitreni.it\/blog\/2019\/06\/14\/i-nuovi-treni-rock-e-pop-debuttano-in-emilia-romagna\/pk_viaggio_inaugurale_rock_pop_3_1000x668\/\" rel=\"attachment wp-att-9343\"><img loading=\"lazy\" decoding=\"async\" class=\"alignleft size-thumbnail wp-image-9343\" src=\"http:\/\/www.ilmondodeitreni.it\/blog\/wp-content\/uploads\/2019\/06\/PK_Viaggio_inaugurale_Rock_Pop_3_1000x668-160x107.jpg\" alt=\"\" width=\"160\" height=\"107\" srcset=\"https:\/\/www.ilmondodeitreni.it\/blog\/wp-content\/uploads\/2019\/06\/PK_Viaggio_inaugurale_Rock_Pop_3_1000x668-160x107.jpg 160w, https:\/\/www.ilmondodeitreni.it\/blog\/wp-content\/uploads\/2019\/06\/PK_Viaggio_inaugurale_Rock_Pop_3_1000x668-640x428.jpg 640w, https:\/\/www.ilmondodeitreni.it\/blog\/wp-content\/uploads\/2019\/06\/PK_Viaggio_inaugurale_Rock_Pop_3_1000x668-768x513.jpg 768w, https:\/\/www.ilmondodeitreni.it\/blog\/wp-content\/uploads\/2019\/06\/PK_Viaggio_inaugurale_Rock_Pop_3_1000x668-225x150.jpg 225w, https:\/\/www.ilmondodeitreni.it\/blog\/wp-content\/uploads\/2019\/06\/PK_Viaggio_inaugurale_Rock_Pop_3_1000x668-150x100.jpg 150w, https:\/\/www.ilmondodeitreni.it\/blog\/wp-content\/uploads\/2019\/06\/PK_Viaggio_inaugurale_Rock_Pop_3_1000x668.jpg 1000w\" sizes=\"auto, (max-width: 160px) 100vw, 160px\" \/><\/a>Consegnato alla Regione Lazio il primo dei 72 nuovi treni di Trenitalia (Gruppo FS Italiane) che entro il 2024 garantiranno il rinnovo totale della flotta regionale. Il nuovo treno <em>Rock<\/em>, dotato di 602 posti a sedere, \u00e8 spazioso ed ecosostenibile e sar\u00e0 impiegato sulle linee FL1 (Orte \u2013 Roma \u2013 Fiumicino Aeroporto) e FL3 (Roma \u2013 Cesano\/Viterbo). Alla cerimonia di consegna a Roma Termini hanno partecipato <strong>Nicola Zingaretti<\/strong>, Presidente Regione Lazio, <strong>Mauro Alessandri<\/strong>, Assessore ai Lavori Pubblici e Mobilit\u00e0 Regione Lazio, <strong>Gianfranco Battisti<\/strong>, Amministratore delegato e DG di Ferrovie dello Stato Italiane, <strong>Orazio Iacono<\/strong>, Amministratore Delegato e DG Trenitalia, e <strong>Sabrina De Filippis<\/strong>, Direttore Divisione Passeggeri Regionale Trenitalia. Nel Lazio il 13% delle persone sceglie il treno per i propri spostamenti e con circa <strong>350mila viaggiatori al giorno<\/strong> \u00e8 la seconda regione in Italia per passeggeri trasportati. I nuovi treni pi\u00f9 capienti e confortevoli aumenteranno sensibilmente il numero dei posti a sedere fino al 53% in pi\u00f9 rispetto ai treni precedenti. Non solo capienti ma anche ecologici. I nuovi treni, infatti, sono sostenibili e riciclabili. Permettono di <strong>ridurre i consumi del 30%<\/strong> rispetto ai treni precedenti e sono <strong>riciclabili fino al<\/strong> <strong>97%<\/strong>. Inoltre al loro interno \u00e8 possibile trasportare fino a 18 biciclette. Di recente \u00e8 stata introdotta da Trenitalia un\u2019app che permette di conoscere in tempo reale, grazie al <em>counter<\/em> digitale, il numero dei posti disponibili a bordo dei treni regionali. Un algoritmo esporr\u00e0 con tre diversi colori (rosso, giallo, verde) l\u2019andamento delle presenze a bordo treno sino a non consentire gli acquisti nel momento in cui il treno sar\u00e0 <em>sold out<\/em>. Una nuova funzione a tutela della salute delle persone in questa fase dell\u2019emergenza epidemiologica COVID-19 e per aiutare le persone a scegliere il treno regionale sul quale viaggiare.<\/span><\/p>\n","protected":false},"excerpt":{"rendered":"<p>Consegnato alla Regione Lazio il primo dei 72 nuovi treni di Trenitalia (Gruppo FS Italiane) che entro il 2024 garantiranno il rinnovo totale della flotta regionale. Il nuovo treno Rock, dotato di 602 posti a sedere, \u00e8 spazioso ed ecosostenibile e sar\u00e0 impiegato sulle linee FL1 (Orte \u2013 Roma \u2013 Fiumicino Aeroporto) e FL3 (Roma \u2013 Cesano\/Viterbo). Alla cerimonia di consegna a Roma Termini hanno partecipato Nicola Zingaretti, Presidente Regione\u2026<\/p>\n<p class=\"continue-reading-button\"> <a class=\"continue-reading-link\" href=\"https:\/\/www.ilmondodeitreni.it\/blog\/?p=11976\">Continua la lettura<i class=\"crycon-right-dir\"><\/i><\/a><\/p>\n","protected":false},"author":1,"featured_media":0,"comment_status":"open","ping_status":"open","sticky":false,"template":"","format":"standard","meta":{"footnotes":""},"categories":[2],"tags":[5,170,5086,69,489,488,3648,6534,23],"class_list":["post-11976","post","type-post","status-publish","format-standard","hentry","category-news","tag-ferrovie","tag-gianfranco-battisti","tag-mauro-alessandri","tag-mobilita","tag-nicola-zingaretti","tag-regione-lazio","tag-rock","tag-sabrina-de-filippis","tag-trenitalia"],"_links":{"self":[{"href":"https:\/\/www.ilmondodeitreni.it\/blog\/index.php?rest_route=\/wp\/v2\/posts\/11976","targetHints":{"allow":["GET"]}}],"collection":[{"href":"https:\/\/www.ilmondodeitreni.it\/blog\/index.php?rest_route=\/wp\/v2\/posts"}],"about":[{"href":"https:\/\/www.ilmondodeitreni.it\/blog\/index.php?rest_route=\/wp\/v2\/types\/post"}],"author":[{"embeddable":true,"href":"https:\/\/www.ilmondodeitreni.it\/blog\/index.php?rest_route=\/wp\/v2\/users\/1"}],"replies":[{"embeddable":true,"href":"https:\/\/www.ilmondodeitreni.it\/blog\/index.php?rest_route=%2Fwp%2Fv2%2Fcomments&post=11976"}],"version-history":[{"count":1,"href":"https:\/\/www.ilmondodeitreni.it\/blog\/index.php?rest_route=\/wp\/v2\/posts\/11976\/revisions"}],"predecessor-version":[{"id":11977,"href":"https:\/\/www.ilmondodeitreni.it\/blog\/index.php?rest_route=\/wp\/v2\/posts\/11976\/revisions\/11977"}],"wp:attachment":[{"href":"https:\/\/www.ilmondodeitreni.it\/blog\/index.php?rest_route=%2Fwp%2Fv2%2Fmedia&parent=11976"}],"wp:term":[{"taxonomy":"category","embeddable":true,"href":"https:\/\/www.ilmondodeitreni.it\/blog\/index.php?rest_route=%2Fwp%2Fv2%2Fcategories&post=11976"},{"taxonomy":"post_tag","embeddable":true,"href":"https:\/\/www.ilmondodeitreni.it\/blog\/index.php?rest_route=%2Fwp%2Fv2%2Ftags&post=11976"}],"curies":[{"name":"wp","href":"https:\/\/api.w.org\/{rel}","templated":true}]}}