{"id":11945,"date":"2020-06-26T13:36:33","date_gmt":"2020-06-26T11:36:33","guid":{"rendered":"http:\/\/www.ilmondodeitreni.it\/blog\/?p=11945"},"modified":"2020-06-26T13:36:33","modified_gmt":"2020-06-26T11:36:33","slug":"vossloh-si-aggiudica-un-contratto-per-la-fornitura-di-sistemi-di-fissaggio-ferroviari-in-uruguay","status":"publish","type":"post","link":"https:\/\/www.ilmondodeitreni.it\/blog\/?p=11945","title":{"rendered":"Vossloh si aggiudica un contratto per la fornitura di sistemi di fissaggio ferroviari in Uruguay"},"content":{"rendered":"<p style=\"text-align: justify;\"><span style=\"font-size: 12pt; font-family: arial, helvetica, sans-serif;\"><a href=\"http:\/\/www.ilmondodeitreni.it\/blog\/2016\/07\/12\/bratislava-la-rete-tram-si-estende-oltre-il-danubio\/bratislava-tram\/\" rel=\"attachment wp-att-4482\"><img loading=\"lazy\" decoding=\"async\" class=\"alignleft size-thumbnail wp-image-4482\" src=\"http:\/\/www.ilmondodeitreni.it\/blog\/wp-content\/uploads\/2016\/07\/bratislava-tram-160x120.jpg\" alt=\"\" width=\"160\" height=\"120\" srcset=\"https:\/\/www.ilmondodeitreni.it\/blog\/wp-content\/uploads\/2016\/07\/bratislava-tram-160x120.jpg 160w, https:\/\/www.ilmondodeitreni.it\/blog\/wp-content\/uploads\/2016\/07\/bratislava-tram-640x480.jpg 640w, https:\/\/www.ilmondodeitreni.it\/blog\/wp-content\/uploads\/2016\/07\/bratislava-tram-200x150.jpg 200w, https:\/\/www.ilmondodeitreni.it\/blog\/wp-content\/uploads\/2016\/07\/bratislava-tram-300x225.jpg 300w, https:\/\/www.ilmondodeitreni.it\/blog\/wp-content\/uploads\/2016\/07\/bratislava-tram-150x113.jpg 150w, https:\/\/www.ilmondodeitreni.it\/blog\/wp-content\/uploads\/2016\/07\/bratislava-tram.jpg 1024w\" sizes=\"auto, (max-width: 160px) 100vw, 160px\" \/><\/a>Per promuovere il traffico merci su rotaia e migliorare in modo sostenibile i collegamenti interni con la capitale Montevideo, la Uruguay Central Railroad sta pianificando numerosi ammodernamenti, ad esempio ponti e stazioni ferroviarie, nonch\u00e9 la costruzione di una linea ferroviaria lunga 273 km tra Montevideo e Paso de los Toros nel cuore del paese. Questo progetto di infrastruttura ferroviaria, chiamato Ferrocarril Central, \u00e8 uno dei maggiori investimenti privati \u200b\u200bnella storia dell\u2019Uruguay. I lavori sono iniziati nel febbraio 2020 e la riapertura della linea centrale Ferrocarril \u00e8 prevista per il 2022.&nbsp; Vossloh ha gi\u00e0 prodotto i primi due lotti di consegna del sistema di fissaggio ferroviario W 21 pronto per la spedizione.&nbsp;Il sistema W \u00e8 stato appositamente progettato per traversine in calcestruzzo su binario zavorrato e, grazie alla sua composizione, consente una regolazione molto flessibile per soddisfare le esigenze specifiche del progetto, ad esempio laddove si debbano soddisfare particolari requisiti di rigidit\u00e0 o vibrazioni in singole sezioni.&nbsp;Il cuscinetto elastico assorbe in modo affidabile le forze e garantisce quindi un cedimento ferroviario stabile.&nbsp;Con la sua geometria ottimizzata e il materiale idrorepellente, la combinazione di tasselli e viti NG garantisce un eccellente trasferimento dei carichi nella traversina in calcestruzzo.<\/span><\/p>\n<p style=\"text-align: justify;\"><span style=\"font-size: 12pt; font-family: arial, helvetica, sans-serif;\">Non solo \u00e8 in grado di sopportare carichi estremi, ma ha anche l\u2019ulteriore vantaggio che la sua produzione provoca minori emissioni di carbonio.&nbsp;Complessivamente, la valutazione precisa del design dei componenti adattati ai requisiti locali della linea convenzionale sar\u00e0 delicata sia sulla struttura del letto che su quella del binario.&nbsp;Ci\u00f2 ridurr\u00e0 in modo sostenibile i costi del ciclo di vita dell\u2019intera infrastruttura e salvaguarder\u00e0 l\u2019investimento a lungo termine.<\/span><\/p>\n","protected":false},"excerpt":{"rendered":"<p>Per promuovere il traffico merci su rotaia e migliorare in modo sostenibile i collegamenti interni con la capitale Montevideo, la Uruguay Central Railroad sta pianificando numerosi ammodernamenti, ad esempio ponti e stazioni ferroviarie, nonch\u00e9 la costruzione di una linea ferroviaria lunga 273 km tra Montevideo e Paso de los Toros nel cuore del paese. Questo progetto di infrastruttura ferroviaria, chiamato Ferrocarril Central, \u00e8 uno dei maggiori investimenti privati \u200b\u200bnella storia\u2026<\/p>\n<p class=\"continue-reading-button\"> <a class=\"continue-reading-link\" href=\"https:\/\/www.ilmondodeitreni.it\/blog\/?p=11945\">Continua la lettura<i class=\"crycon-right-dir\"><\/i><\/a><\/p>\n","protected":false},"author":11,"featured_media":0,"comment_status":"open","ping_status":"open","sticky":false,"template":"","format":"standard","meta":{"footnotes":""},"categories":[11],"tags":[5,6598,6597,8209,8210],"class_list":["post-11945","post","type-post","status-publish","format-standard","hentry","category-news-estero","tag-ferrovie","tag-montevideo","tag-uruguay","tag-uruguay-central-railroad","tag-vossloh"],"_links":{"self":[{"href":"https:\/\/www.ilmondodeitreni.it\/blog\/index.php?rest_route=\/wp\/v2\/posts\/11945","targetHints":{"allow":["GET"]}}],"collection":[{"href":"https:\/\/www.ilmondodeitreni.it\/blog\/index.php?rest_route=\/wp\/v2\/posts"}],"about":[{"href":"https:\/\/www.ilmondodeitreni.it\/blog\/index.php?rest_route=\/wp\/v2\/types\/post"}],"author":[{"embeddable":true,"href":"https:\/\/www.ilmondodeitreni.it\/blog\/index.php?rest_route=\/wp\/v2\/users\/11"}],"replies":[{"embeddable":true,"href":"https:\/\/www.ilmondodeitreni.it\/blog\/index.php?rest_route=%2Fwp%2Fv2%2Fcomments&post=11945"}],"version-history":[{"count":1,"href":"https:\/\/www.ilmondodeitreni.it\/blog\/index.php?rest_route=\/wp\/v2\/posts\/11945\/revisions"}],"predecessor-version":[{"id":11946,"href":"https:\/\/www.ilmondodeitreni.it\/blog\/index.php?rest_route=\/wp\/v2\/posts\/11945\/revisions\/11946"}],"wp:attachment":[{"href":"https:\/\/www.ilmondodeitreni.it\/blog\/index.php?rest_route=%2Fwp%2Fv2%2Fmedia&parent=11945"}],"wp:term":[{"taxonomy":"category","embeddable":true,"href":"https:\/\/www.ilmondodeitreni.it\/blog\/index.php?rest_route=%2Fwp%2Fv2%2Fcategories&post=11945"},{"taxonomy":"post_tag","embeddable":true,"href":"https:\/\/www.ilmondodeitreni.it\/blog\/index.php?rest_route=%2Fwp%2Fv2%2Ftags&post=11945"}],"curies":[{"name":"wp","href":"https:\/\/api.w.org\/{rel}","templated":true}]}}