{"id":11884,"date":"2020-06-19T19:58:15","date_gmt":"2020-06-19T17:58:15","guid":{"rendered":"http:\/\/www.ilmondodeitreni.it\/blog\/?p=11884"},"modified":"2020-06-19T19:58:15","modified_gmt":"2020-06-19T17:58:15","slug":"rifacimento-del-deposito-treni-a-malles","status":"publish","type":"post","link":"https:\/\/www.ilmondodeitreni.it\/blog\/?p=11884","title":{"rendered":"Rifacimento del deposito treni a Malles"},"content":{"rendered":"<p style=\"text-align: justify;\"><span style=\"font-size: 12pt;\"><a href=\"http:\/\/www.ilmondodeitreni.it\/blog\/2019\/10\/12\/linea-bolzano-merano-domenica-chiusura-per-manutenzione\/1044953__sad_casanova\/\" rel=\"attachment wp-att-9850\"><img loading=\"lazy\" decoding=\"async\" class=\"alignleft size-thumbnail wp-image-9850\" src=\"http:\/\/www.ilmondodeitreni.it\/blog\/wp-content\/uploads\/2019\/10\/1044953__sad_casanova-160x107.jpg\" alt=\"\" width=\"160\" height=\"107\" srcset=\"https:\/\/www.ilmondodeitreni.it\/blog\/wp-content\/uploads\/2019\/10\/1044953__sad_casanova-160x107.jpg 160w, https:\/\/www.ilmondodeitreni.it\/blog\/wp-content\/uploads\/2019\/10\/1044953__sad_casanova-640x427.jpg 640w, https:\/\/www.ilmondodeitreni.it\/blog\/wp-content\/uploads\/2019\/10\/1044953__sad_casanova-768x512.jpg 768w, https:\/\/www.ilmondodeitreni.it\/blog\/wp-content\/uploads\/2019\/10\/1044953__sad_casanova-1024x683.jpg 1024w, https:\/\/www.ilmondodeitreni.it\/blog\/wp-content\/uploads\/2019\/10\/1044953__sad_casanova-225x150.jpg 225w, https:\/\/www.ilmondodeitreni.it\/blog\/wp-content\/uploads\/2019\/10\/1044953__sad_casanova-150x100.jpg 150w, https:\/\/www.ilmondodeitreni.it\/blog\/wp-content\/uploads\/2019\/10\/1044953__sad_casanova.jpg 1140w\" sizes=\"auto, (max-width: 160px) 100vw, 160px\" \/><\/a>Presso la&nbsp;<strong>stazione di<\/strong>&nbsp;<strong>Malles<\/strong>&nbsp;sono in fase di esecuzione gli interventi per la sistemazione e l\u2019allungamento del&nbsp;<strong>deposito dei treni<\/strong>, una misura che rientra nel progetto complessivo di&nbsp;<strong>elettrificazione<\/strong>&nbsp;della&nbsp;<strong>ferrovia della Val Venosta<\/strong>. Nella rimessa rinnovata potranno trovare riparo anche i treni pi\u00f9 lunghi che in futuro transiteranno sulla linea. \u201cLa linea ferroviaria della Val Venosta \u00e8 ormai imprescindibile sia per i pendolari che per gli ospiti. Dal 2016 stiamo lavorando per la sua elettrificazione in modo da renderla ancor pi\u00f9 attrattiva\u201d, ha fatto presente l\u2019assessore provinciale alla mobilit\u00e0 <strong>Daniel Alfreider<\/strong>, che ieri (18 giugno) ha compiuto un sopralluogo al cantiere a Malles. Il rinnovo del deposito dei treni presso la stazione di Malles costituisce uno step di rilievo nell\u2019ambito dell\u2019elettrificazione della linea. \u201cA conclusione lavori il deposito avr\u00e0 una lunghezza di 125 metri, 80 in pi\u00f9 rispetto ad oggi, e sar\u00e0 cos\u00ec possibile ospitarvi anche i nuovi treni\u201d, ha sottolineato&nbsp;<strong>Joachim Dejaco<\/strong>, direttore generale di STA Alto Adige Strutture Trasporto spa. A elettrificazione completata, infatti anche sulla linea ferroviaria della Venosta saranno in circolazione treni a trazione elettrica. Presso la stazione di Malles di notte ne stazioneranno 6, lunghi 106 metri. Nell\u2019ambito dei lavori la rimessa \u00e8 stata allestita con nuove&nbsp;<strong>dotazioni<\/strong> meccaniche ed elettriche e nell\u2019area esterna sono stati installati impianti per l\u2019approvvigionamento idrico e per lo scarico idrico. Dal 2021 dovrebbero partire gli interventi per la costruzione della&nbsp;<strong>linea elettrica aerea<\/strong>, con la sistemazione di 1.500&nbsp;<strong>piloni<\/strong>&nbsp;lungo l\u2019intera tratta. Nel frattempo fervono le procedure autorizzative e le attivit\u00e0 legate all\u2019indizione delle gare d\u2019appalto. Presso la STA si conta poter far circolare i primi&nbsp;<strong>treni<\/strong>&nbsp;<strong>elettrici<\/strong>&nbsp;in Venosta probabilmente nel 2022.<\/span><\/p>\n","protected":false},"excerpt":{"rendered":"<p>Presso la&nbsp;stazione di&nbsp;Malles&nbsp;sono in fase di esecuzione gli interventi per la sistemazione e l\u2019allungamento del&nbsp;deposito dei treni, una misura che rientra nel progetto complessivo di&nbsp;elettrificazione&nbsp;della&nbsp;ferrovia della Val Venosta. Nella rimessa rinnovata potranno trovare riparo anche i treni pi\u00f9 lunghi che in futuro transiteranno sulla linea. \u201cLa linea ferroviaria della Val Venosta \u00e8 ormai imprescindibile sia per i pendolari che per gli ospiti. Dal 2016 stiamo lavorando per la sua elettrificazione\u2026<\/p>\n<p class=\"continue-reading-button\"> <a class=\"continue-reading-link\" href=\"https:\/\/www.ilmondodeitreni.it\/blog\/?p=11884\">Continua la lettura<i class=\"crycon-right-dir\"><\/i><\/a><\/p>\n","protected":false},"author":10,"featured_media":0,"comment_status":"open","ping_status":"open","sticky":false,"template":"","format":"standard","meta":{"footnotes":""},"categories":[2],"tags":[5335,5,2735,223,5343,4210],"class_list":["post-11884","post","type-post","status-publish","format-standard","hentry","category-news","tag-daniel-alfreider","tag-ferrovie","tag-joachim-dejaco","tag-malles","tag-sta","tag-val-venosta"],"_links":{"self":[{"href":"https:\/\/www.ilmondodeitreni.it\/blog\/index.php?rest_route=\/wp\/v2\/posts\/11884","targetHints":{"allow":["GET"]}}],"collection":[{"href":"https:\/\/www.ilmondodeitreni.it\/blog\/index.php?rest_route=\/wp\/v2\/posts"}],"about":[{"href":"https:\/\/www.ilmondodeitreni.it\/blog\/index.php?rest_route=\/wp\/v2\/types\/post"}],"author":[{"embeddable":true,"href":"https:\/\/www.ilmondodeitreni.it\/blog\/index.php?rest_route=\/wp\/v2\/users\/10"}],"replies":[{"embeddable":true,"href":"https:\/\/www.ilmondodeitreni.it\/blog\/index.php?rest_route=%2Fwp%2Fv2%2Fcomments&post=11884"}],"version-history":[{"count":1,"href":"https:\/\/www.ilmondodeitreni.it\/blog\/index.php?rest_route=\/wp\/v2\/posts\/11884\/revisions"}],"predecessor-version":[{"id":11885,"href":"https:\/\/www.ilmondodeitreni.it\/blog\/index.php?rest_route=\/wp\/v2\/posts\/11884\/revisions\/11885"}],"wp:attachment":[{"href":"https:\/\/www.ilmondodeitreni.it\/blog\/index.php?rest_route=%2Fwp%2Fv2%2Fmedia&parent=11884"}],"wp:term":[{"taxonomy":"category","embeddable":true,"href":"https:\/\/www.ilmondodeitreni.it\/blog\/index.php?rest_route=%2Fwp%2Fv2%2Fcategories&post=11884"},{"taxonomy":"post_tag","embeddable":true,"href":"https:\/\/www.ilmondodeitreni.it\/blog\/index.php?rest_route=%2Fwp%2Fv2%2Ftags&post=11884"}],"curies":[{"name":"wp","href":"https:\/\/api.w.org\/{rel}","templated":true}]}}