{"id":11875,"date":"2020-06-17T22:35:24","date_gmt":"2020-06-17T20:35:24","guid":{"rendered":"http:\/\/www.ilmondodeitreni.it\/blog\/?p=11875"},"modified":"2020-06-17T22:35:24","modified_gmt":"2020-06-17T20:35:24","slug":"piu-treni-da-e-per-locarno-e-una-nuova-fermata-regionale-tilo-a-minusio","status":"publish","type":"post","link":"https:\/\/www.ilmondodeitreni.it\/blog\/?p=11875","title":{"rendered":"Pi\u00f9 treni da e per Locarno e una nuova fermata regionale TILO a Minusio"},"content":{"rendered":"<p style=\"text-align: justify;\"><span style=\"font-size: 12pt; font-family: arial, helvetica, sans-serif;\"><a href=\"http:\/\/www.ilmondodeitreni.it\/blog\/2016\/12\/11\/nuovo-atrio-e-nuova-funicolare-tpl-alla-stazione-ffs-di-lugano-inaugurata-oggi-la-terrazza-del-ticino\/ffs_15439895\/\" rel=\"attachment wp-att-5112\"><img loading=\"lazy\" decoding=\"async\" class=\"alignleft size-thumbnail wp-image-5112\" src=\"http:\/\/www.ilmondodeitreni.it\/blog\/wp-content\/uploads\/2016\/12\/ffs_15439895-160x91.jpg\" alt=\"\" width=\"160\" height=\"91\" srcset=\"https:\/\/www.ilmondodeitreni.it\/blog\/wp-content\/uploads\/2016\/12\/ffs_15439895-160x91.jpg 160w, https:\/\/www.ilmondodeitreni.it\/blog\/wp-content\/uploads\/2016\/12\/ffs_15439895.jpg 640w, https:\/\/www.ilmondodeitreni.it\/blog\/wp-content\/uploads\/2016\/12\/ffs_15439895-250x141.jpg 250w, https:\/\/www.ilmondodeitreni.it\/blog\/wp-content\/uploads\/2016\/12\/ffs_15439895-300x170.jpg 300w, https:\/\/www.ilmondodeitreni.it\/blog\/wp-content\/uploads\/2016\/12\/ffs_15439895-150x85.jpg 150w\" sizes=\"auto, (max-width: 160px) 100vw, 160px\" \/><\/a>L\u2019apertura delle trasversali alpine del San Gottardo e del Monte Ceneri coincide con un aumento dell\u2019offerta ferroviaria sull\u2019asse del San Gottardo e nel traffico regionale in Ticino. In particolare, con la galleria di base del Monte Ceneri e la realizzazione della \u00abBretella di Camorino\u00bb, Locarno e Lugano saranno collegate direttamente, con tempi di percorrenza di circa 30 minuti (la met\u00e0 rispetto ad oggi). Oltre a queste importanti opere \u00e8 indispensabile ammodernare e potenziare le infrastrutture ferroviarie in Ticino ed \u00e8 per questo che nel Cantone, anche dopo l\u2019apertura della galleria di base del Monte Ceneri, l\u2019attivit\u00e0 cantieristica non perder\u00e0 vigore.&nbsp;<\/span><\/p>\n<p style=\"text-align: justify;\"><span style=\"font-size: 12pt; font-family: arial, helvetica, sans-serif;\">In particolare, per introdurre maggiori collegamenti ferroviari tra Locarno e Lugano e tra Locarno e Bellinzona &#8211; cos\u00ec come previsto dal programma di sviluppo strategico dell\u2019infrastruttura ferroviaria della Confederazione &#8211; \u00e8 necessario disporre di un binario d&#8217;incrocio tra Tenero e Locarno, in territorio di Minusio. La zona, nell\u2019ambito di uno studio condotto dal Canton Ticino in collaborazione con FFS e TILO, era gi\u00e0 stata individuata per la realizzazione di una fermata regionale supplementare sulla linea Cadenazzo \u2013 Locarno. La nuova fermata TILO \u00e8 quindi stata inserita nel programma di agglomerato del Locarnese di seconda generazione (PALoc 2).<\/span><\/p>\n<p style=\"text-align: justify;\"><span style=\"font-size: 12pt; font-family: arial, helvetica, sans-serif;\">Il progetto prevede il raddoppio del binario, per una lunghezza di circa 530 metri, e la posa di due scambi, nonch\u00e9 la costruzione di una nuova fermata tra via Verbano e il passaggio a livello di via San Quirico. La nuova fermata TILO rispetter\u00e0 il tessuto insediativo esistente, adattandosi al contesto particolarmente pregiato di un\u2019area a forte valenza di svago. Sar\u00e0 moderna e priva di barriere architettoniche e quindi ben accessibile anche per la clientela con mobilit\u00e0 ridotta. Saranno realizzati due marciapiedi di 220 metri di lunghezza, che permetteranno l\u2019accesso piano ai treni regionali TILO FLIRT, collegati tra loro tramite il sottopasso Remorino esistente. La fermata risponder\u00e0 ai moderni standard FFS e avr\u00e0 anche due aree Bike+Rail, una nei pressi della nuova fermata e l\u2019altra all\u2019interno dell\u2019esistente area di parcheggio, a monte della ferrovia.&nbsp;<\/span><\/p>\n<p style=\"text-align: justify;\"><span style=\"font-size: 12pt; font-family: arial, helvetica, sans-serif;\">L\u2019inizio dei lavori \u00e8 previsto per fine 2021 e dovrebbero durare circa 24 mesi. L\u2019investimento ammonta a circa 24.7 milioni di franchi: 18.2 milioni per la realizzazione del binario d\u2019incrocio, (finanziata interamente dalla Confederazione) e 5.5 milioni per la nuova fermata (finanziata dal Cantone, da Minusio e dagli altri Comuni della Regione, con una partecipazione della Confederazione).&nbsp;<\/span><\/p>\n<p>&nbsp;<\/p>\n","protected":false},"excerpt":{"rendered":"<p>L\u2019apertura delle trasversali alpine del San Gottardo e del Monte Ceneri coincide con un aumento dell\u2019offerta ferroviaria sull\u2019asse del San Gottardo e nel traffico regionale in Ticino. In particolare, con la galleria di base del Monte Ceneri e la realizzazione della \u00abBretella di Camorino\u00bb, Locarno e Lugano saranno collegate direttamente, con tempi di percorrenza di circa 30 minuti (la met\u00e0 rispetto ad oggi). Oltre a queste importanti opere \u00e8 indispensabile\u2026<\/p>\n<p class=\"continue-reading-button\"> <a class=\"continue-reading-link\" href=\"https:\/\/www.ilmondodeitreni.it\/blog\/?p=11875\">Continua la lettura<i class=\"crycon-right-dir\"><\/i><\/a><\/p>\n","protected":false},"author":12,"featured_media":0,"comment_status":"open","ping_status":"open","sticky":false,"template":"","format":"standard","meta":{"footnotes":""},"categories":[11],"tags":[8183,5,35,130,8182,597,596,86],"class_list":["post-11875","post","type-post","status-publish","format-standard","hentry","category-news-estero","tag-bretella-di-camorino","tag-ferrovie","tag-ffs","tag-locarno","tag-minusio","tag-monte-ceneri","tag-san-gottardo","tag-tilo"],"_links":{"self":[{"href":"https:\/\/www.ilmondodeitreni.it\/blog\/index.php?rest_route=\/wp\/v2\/posts\/11875","targetHints":{"allow":["GET"]}}],"collection":[{"href":"https:\/\/www.ilmondodeitreni.it\/blog\/index.php?rest_route=\/wp\/v2\/posts"}],"about":[{"href":"https:\/\/www.ilmondodeitreni.it\/blog\/index.php?rest_route=\/wp\/v2\/types\/post"}],"author":[{"embeddable":true,"href":"https:\/\/www.ilmondodeitreni.it\/blog\/index.php?rest_route=\/wp\/v2\/users\/12"}],"replies":[{"embeddable":true,"href":"https:\/\/www.ilmondodeitreni.it\/blog\/index.php?rest_route=%2Fwp%2Fv2%2Fcomments&post=11875"}],"version-history":[{"count":1,"href":"https:\/\/www.ilmondodeitreni.it\/blog\/index.php?rest_route=\/wp\/v2\/posts\/11875\/revisions"}],"predecessor-version":[{"id":11876,"href":"https:\/\/www.ilmondodeitreni.it\/blog\/index.php?rest_route=\/wp\/v2\/posts\/11875\/revisions\/11876"}],"wp:attachment":[{"href":"https:\/\/www.ilmondodeitreni.it\/blog\/index.php?rest_route=%2Fwp%2Fv2%2Fmedia&parent=11875"}],"wp:term":[{"taxonomy":"category","embeddable":true,"href":"https:\/\/www.ilmondodeitreni.it\/blog\/index.php?rest_route=%2Fwp%2Fv2%2Fcategories&post=11875"},{"taxonomy":"post_tag","embeddable":true,"href":"https:\/\/www.ilmondodeitreni.it\/blog\/index.php?rest_route=%2Fwp%2Fv2%2Ftags&post=11875"}],"curies":[{"name":"wp","href":"https:\/\/api.w.org\/{rel}","templated":true}]}}