{"id":11837,"date":"2020-06-07T22:08:50","date_gmt":"2020-06-07T20:08:50","guid":{"rendered":"http:\/\/www.ilmondodeitreni.it\/blog\/?p=11837"},"modified":"2020-06-07T22:08:50","modified_gmt":"2020-06-07T20:08:50","slug":"cesmot-buon-compleanno-tram-2-da-30-anni-al-servizio-dei-romani","status":"publish","type":"post","link":"https:\/\/www.ilmondodeitreni.it\/blog\/?p=11837","title":{"rendered":"CeSMoT: Buon compleanno Tram 2, da 30 anni al servizio dei romani"},"content":{"rendered":"<p style=\"text-align: justify;\"><span style=\"font-size: 12pt;\"><a href=\"http:\/\/www.ilmondodeitreni.it\/blog\/2020\/06\/07\/cesmot-buon-compleanno-tram-2-da-30-anni-al-servizio-dei-romani\/9007_2flaminia\/\" rel=\"attachment wp-att-11838\"><img loading=\"lazy\" decoding=\"async\" class=\"alignleft size-thumbnail wp-image-11838\" src=\"http:\/\/www.ilmondodeitreni.it\/blog\/wp-content\/uploads\/2020\/06\/9007_2flaminia-160x120.jpg\" alt=\"\" width=\"160\" height=\"120\" srcset=\"https:\/\/www.ilmondodeitreni.it\/blog\/wp-content\/uploads\/2020\/06\/9007_2flaminia-160x120.jpg 160w, https:\/\/www.ilmondodeitreni.it\/blog\/wp-content\/uploads\/2020\/06\/9007_2flaminia-150x113.jpg 150w, https:\/\/www.ilmondodeitreni.it\/blog\/wp-content\/uploads\/2020\/06\/9007_2flaminia.jpg 640w\" sizes=\"auto, (max-width: 160px) 100vw, 160px\" \/><\/a>&#8220;Il 7 giugno 1990, esattamente 30 anni fa, a Roma veniva inaugurata la nuova linea tramviaria 225 (attuale 2) da P.le Flaminio a Piazza Mancini, realizzata nell&#8217;ambito delle opere previste per i mondiali di calcio del 1990 per collegare lo Stadio Olimpico con la metropolitana. Corsie riservate, avveniristiche palline dotate di display che avrebbero fornito i tempi di attesa,percorso interamente in sede protetta, priorit\u00e0 semaforica, e i nuovi tram bidirezionali Socimi a pianale ribassato ordinati appositamente per fare servizio su questa linea in via prioritaria (seppur ancora non in servizio da subito) portarono a definire il 225 come &#8220;metropolitana leggera&#8221;, con corse regolari, frequenti e puntuali. Un livello che non si riusc\u00ec a bissare 8 anni dopo con la linea 8 Torre Argent\u00edna-Casaletto&#8221;. Cos\u00ec il CeSMoT, Centro Studi sulla Mobilit\u00e0 e i Trasporti, in un comunicato stampa. &#8220;Nonostante alcune scelte discutibili fatte negli anni, come non utilizzare il capolinea davanti alla stazione della Ferrovia Roma Nord, la mancata attivazione dei display elettronici in fermata (errore ripetuto anche con la linea 8) &nbsp;e lo smantellamento del capolinea ad anello per realizzare un nuovo capolinea tronco in Via Flaminia, la linea rappresenta non solo un collegamento fondamentale per la mobilit\u00e0 del quadrante flaminia ma anche un esempio di come andrebbero progettate le linee tramviarie&#8221;. Il nostro auspicio, prosegue il CeSMoT, \u00e8 che l&#8217;amministrazione capitolina, indipendentemente dai colori politici attuali e futuri, si renda finalmente conto della convenienza ad investire nei tram, riqualificando le linea esistenti al livello della linea 225 di 30 anni fa, e che si prosegua con determinazione nella realizzazione di quanto previsto dal PUMS a partire dalla riapertura e dal prolungamento della Termini-Giardinetti e della TVA. Urgente, a nostro giudizio, \u00e8 procedere anche al rinnovo della flotta di tram utilizzando anche gli&nbsp; appositi strumenti contrattuali per ampliare gli ordini precedendo opzioni e un valido servizio di manutenzione e logistica dei ricambi a lungo termine. Attualmente Roma \u00e8 in forte ritardo sull&#8217;ammodernamento della flotta tramviaria, in considerazione del fatto che i mezzi pi\u00f9 moderni, ovvero i tram Fiat modello Cityway, risalgono ai primi anni 2000, mentre le Stanga, seppur ancora affidabili, hanno ormai oltre 70 anni di servizio sulle &#8220;ruote&#8221; e le Socimi,oltre ad avere 30 anni di servizio, si son portate dietro le ben note vicende della societ\u00e0 costruttrice che portarono alla consegna di sole 33 vetture&#8221;<\/span><\/p>\n","protected":false},"excerpt":{"rendered":"<p>&#8220;Il 7 giugno 1990, esattamente 30 anni fa, a Roma veniva inaugurata la nuova linea tramviaria 225 (attuale 2) da P.le Flaminio a Piazza Mancini, realizzata nell&#8217;ambito delle opere previste per i mondiali di calcio del 1990 per collegare lo Stadio Olimpico con la metropolitana. Corsie riservate, avveniristiche palline dotate di display che avrebbero fornito i tempi di attesa,percorso interamente in sede protetta, priorit\u00e0 semaforica, e i nuovi tram bidirezionali\u2026<\/p>\n<p class=\"continue-reading-button\"> <a class=\"continue-reading-link\" href=\"https:\/\/www.ilmondodeitreni.it\/blog\/?p=11837\">Continua la lettura<i class=\"crycon-right-dir\"><\/i><\/a><\/p>\n","protected":false},"author":1,"featured_media":0,"comment_status":"open","ping_status":"open","sticky":false,"template":"","format":"standard","meta":{"footnotes":""},"categories":[2],"tags":[145,1234,79,69,9,4702,3855,82,29],"class_list":["post-11837","post","type-post","status-publish","format-standard","hentry","category-news","tag-cesmot","tag-ferrovia-roma-nord","tag-fiat","tag-mobilita","tag-roma","tag-socimi","tag-stanga","tag-tram","tag-trasporti"],"_links":{"self":[{"href":"https:\/\/www.ilmondodeitreni.it\/blog\/index.php?rest_route=\/wp\/v2\/posts\/11837","targetHints":{"allow":["GET"]}}],"collection":[{"href":"https:\/\/www.ilmondodeitreni.it\/blog\/index.php?rest_route=\/wp\/v2\/posts"}],"about":[{"href":"https:\/\/www.ilmondodeitreni.it\/blog\/index.php?rest_route=\/wp\/v2\/types\/post"}],"author":[{"embeddable":true,"href":"https:\/\/www.ilmondodeitreni.it\/blog\/index.php?rest_route=\/wp\/v2\/users\/1"}],"replies":[{"embeddable":true,"href":"https:\/\/www.ilmondodeitreni.it\/blog\/index.php?rest_route=%2Fwp%2Fv2%2Fcomments&post=11837"}],"version-history":[{"count":2,"href":"https:\/\/www.ilmondodeitreni.it\/blog\/index.php?rest_route=\/wp\/v2\/posts\/11837\/revisions"}],"predecessor-version":[{"id":11840,"href":"https:\/\/www.ilmondodeitreni.it\/blog\/index.php?rest_route=\/wp\/v2\/posts\/11837\/revisions\/11840"}],"wp:attachment":[{"href":"https:\/\/www.ilmondodeitreni.it\/blog\/index.php?rest_route=%2Fwp%2Fv2%2Fmedia&parent=11837"}],"wp:term":[{"taxonomy":"category","embeddable":true,"href":"https:\/\/www.ilmondodeitreni.it\/blog\/index.php?rest_route=%2Fwp%2Fv2%2Fcategories&post=11837"},{"taxonomy":"post_tag","embeddable":true,"href":"https:\/\/www.ilmondodeitreni.it\/blog\/index.php?rest_route=%2Fwp%2Fv2%2Ftags&post=11837"}],"curies":[{"name":"wp","href":"https:\/\/api.w.org\/{rel}","templated":true}]}}