{"id":11809,"date":"2020-05-30T01:58:35","date_gmt":"2020-05-29T23:58:35","guid":{"rendered":"http:\/\/www.ilmondodeitreni.it\/blog\/?p=11809"},"modified":"2020-05-29T22:02:16","modified_gmt":"2020-05-29T20:02:16","slug":"funicolare-zecca-righi-mercoledi-3-giugno-partono-gli-interventi-di-manutenzione-straordinaria","status":"publish","type":"post","link":"https:\/\/www.ilmondodeitreni.it\/blog\/?p=11809","title":{"rendered":"Funicolare Zecca \u2013 Righi: mercoled\u00ec 3 giugno partono gli interventi di manutenzione straordinaria"},"content":{"rendered":"<p style=\"text-align: justify;\"><span style=\"font-size: 12pt;\"><a href=\"http:\/\/www.ilmondodeitreni.it\/blog\/2017\/08\/16\/funicolare-sacro-monte-di-varese-nei-primi-7-mesi-del-2017-oltre-l80-di-viaggiatori-in-piu-rispetto-al-2016\/funicolare-varese-549676_610x431\/\" rel=\"attachment wp-att-6193\"><img loading=\"lazy\" decoding=\"async\" class=\"alignleft size-thumbnail wp-image-6193\" src=\"http:\/\/www.ilmondodeitreni.it\/blog\/wp-content\/uploads\/2017\/08\/funicolare-varese-549676_610x431-160x113.jpg\" alt=\"\" width=\"160\" height=\"113\" srcset=\"https:\/\/www.ilmondodeitreni.it\/blog\/wp-content\/uploads\/2017\/08\/funicolare-varese-549676_610x431-160x113.jpg 160w, https:\/\/www.ilmondodeitreni.it\/blog\/wp-content\/uploads\/2017\/08\/funicolare-varese-549676_610x431-212x150.jpg 212w, https:\/\/www.ilmondodeitreni.it\/blog\/wp-content\/uploads\/2017\/08\/funicolare-varese-549676_610x431-300x212.jpg 300w, https:\/\/www.ilmondodeitreni.it\/blog\/wp-content\/uploads\/2017\/08\/funicolare-varese-549676_610x431-150x106.jpg 150w, https:\/\/www.ilmondodeitreni.it\/blog\/wp-content\/uploads\/2017\/08\/funicolare-varese-549676_610x431.jpg 610w\" sizes=\"auto, (max-width: 160px) 100vw, 160px\" \/><\/a>Prosegue il piano strategico di intervento e rinnovamento degli impianti verticali di AMT. Ad avere raggiunto i 30 anni di vita tecnica e dover essere sottoposta a importanti lavori di manutenzione straordinaria \u00e8 la funicolare del Righi. <\/span><span style=\"font-size: 12pt;\">Le revisioni a cui devono essere sottoposti gli impianti secondo le scadenze di legge, consentono di rinnovare e valorizzare il patrimonio di infrastrutture a servizio della citt\u00e0, oltre che ad adeguarlo ai pi\u00f9 avanzati sistemi di sicurezza. <\/span><span style=\"font-size: 12pt;\">I complessi lavori alla funicolare&nbsp;<strong>cominceranno mercoled\u00ec 3 giugno<\/strong>&nbsp;e dureranno tre mesi. Per contenere il pi\u00f9 possibile la durata dei lavori, le sette ditte diverse che si occuperanno degli interventi opereranno in contemporanea, lavoreranno anche nel mese di agosto e, laddove possibile, di notte.<\/span><\/p>\n<p style=\"text-align: justify;\"><span style=\"font-size: 12pt;\">Il Piano di investimenti previsto per gli impianti verticali \u00e8 consistente e coperto in autofinanziamento da AMT; il valore complessivo \u00e8 di 2,5 milioni di euro.<\/span><\/p>\n<p style=\"text-align: justify;\"><span style=\"font-size: 12pt;\">Il raggiungimento del traguardo dei 30 di vita tecnica, comporta per la funicolare, come previsto obbligatoriamente dalla normativa, una serie di controlli ad ampio raggio su: parti in movimento, opere civili e componenti a terra. Pertanto, da mercoled\u00ec 3 giugno l&#8217;impianto sar\u00e0 chiuso. Di seguito vengono indicate le attivit\u00e0 pi\u00f9 significative.<\/span><\/p>\n<ul style=\"text-align: justify;\">\n<li><span style=\"font-size: 12pt;\"><strong>Interventi elettrici e meccanici<\/strong>&nbsp;su apparati di vettura, presso le stazioni e in sala macchine (tra gli altri puleggia e contrappesi).<\/span><\/li>\n<li><span style=\"font-size: 12pt;\"><strong>Controlli speciali di sicurezza<\/strong>&nbsp;sulle componenti significative di impianto.<\/span><\/li>\n<li><span style=\"font-size: 12pt;\">Interventi di&nbsp;<strong>consolidamento delle opere civili<\/strong>&nbsp;lungo linea: presso le stazioni, dentro e fuori le gallerie.<\/span><\/li>\n<li><span style=\"font-size: 12pt;\">Interventi di&nbsp;<strong>controllo e di manutenzione&nbsp;<\/strong><strong>delle funi<\/strong>.<\/span><\/li>\n<li><span style=\"font-size: 12pt;\"><strong>Rinnovamento dell\u2019impianto di illuminazione<\/strong>&nbsp;lungo linea con l\u2019installazione di lampade di ultima generazione a LED a basso consumo.<\/span><\/li>\n<\/ul>\n<p style=\"text-align: justify;\"><span style=\"font-size: 12pt;\">Contestualmente alla chiusura dell\u2019impianto, per collegare le alture servite dalla funicolare, saranno attivate le linee bus sostitutive&nbsp;<strong>F1 e F2.<\/strong><\/span><\/p>\n<ul style=\"text-align: justify;\">\n<li><span style=\"font-size: 12pt;\">La&nbsp;<strong>linea F1<\/strong>,&nbsp;che collega piazza Bandiera al Righi (funicolare) con transito in corso Carbonara, Oregina e via Costanzi, sar\u00e0&nbsp;in servizio dalle 6.45 alle 20.15.<\/span><\/li>\n<li><span style=\"font-size: 12pt;\">La&nbsp;<strong>linea F2<\/strong>,&nbsp;che collega piazza Bandiera a San Simone con transito in corso Carbonara e via Piaggio,&nbsp;sar\u00e0&nbsp;in servizio&nbsp;dalle 6.25 alle 21.20.<\/span><\/li>\n<\/ul>\n<p style=\"text-align: justify;\"><span style=\"font-size: 12pt;\">Pur comprendendo i disagi che si potranno creare ai cittadini e, al tempo stesso, avendo la necessit\u00e0 di svolgere attivit\u00e0 previste dalle norme in vigore, l\u2019impegno dell\u2019azienda sar\u00e0 di contenere quanto pi\u00f9 possibile la durata degli interventi lavorando su pi\u00f9 cantieri in contemporanea e, senza arrecare disturbo, anche alla notte.<\/span><\/p>\n<p style=\"text-align: justify;\"><span style=\"font-size: 12pt;\">Il risultato finale sar\u00e0&nbsp;<strong>una funicolare adeguata ai pi\u00f9 recenti standard di sicurezza, rinnovata, valorizzata e pronta per altri 30 anni di servizio alla citt\u00e0.<\/strong><\/span><\/p>\n<p style=\"text-align: justify;\"><span style=\"font-size: 12pt;\">Regolari aggiornamenti sull\u2019andamento dei lavori e sulle tempistiche saranno pubblicati sul sito&nbsp;<strong><a href=\"http:\/\/www.amt.genova.it\/\">www.amt.genova.it<\/a><\/strong>&nbsp;e comunicati alla cittadinanza.<\/span><\/p>\n","protected":false},"excerpt":{"rendered":"<p>Prosegue il piano strategico di intervento e rinnovamento degli impianti verticali di AMT. Ad avere raggiunto i 30 anni di vita tecnica e dover essere sottoposta a importanti lavori di manutenzione straordinaria \u00e8 la funicolare del Righi. Le revisioni a cui devono essere sottoposti gli impianti secondo le scadenze di legge, consentono di rinnovare e valorizzare il patrimonio di infrastrutture a servizio della citt\u00e0, oltre che ad adeguarlo ai pi\u00f9\u2026<\/p>\n<p class=\"continue-reading-button\"> <a class=\"continue-reading-link\" href=\"https:\/\/www.ilmondodeitreni.it\/blog\/?p=11809\">Continua la lettura<i class=\"crycon-right-dir\"><\/i><\/a><\/p>\n","protected":false},"author":13,"featured_media":0,"comment_status":"open","ping_status":"open","sticky":false,"template":"","format":"standard","meta":{"footnotes":""},"categories":[2],"tags":[124,8140,41,7924,1222],"class_list":["post-11809","post","type-post","status-publish","format-standard","hentry","category-news","tag-amt","tag-funicolare-del-righi","tag-genova","tag-impianti-verticali","tag-lavori"],"_links":{"self":[{"href":"https:\/\/www.ilmondodeitreni.it\/blog\/index.php?rest_route=\/wp\/v2\/posts\/11809","targetHints":{"allow":["GET"]}}],"collection":[{"href":"https:\/\/www.ilmondodeitreni.it\/blog\/index.php?rest_route=\/wp\/v2\/posts"}],"about":[{"href":"https:\/\/www.ilmondodeitreni.it\/blog\/index.php?rest_route=\/wp\/v2\/types\/post"}],"author":[{"embeddable":true,"href":"https:\/\/www.ilmondodeitreni.it\/blog\/index.php?rest_route=\/wp\/v2\/users\/13"}],"replies":[{"embeddable":true,"href":"https:\/\/www.ilmondodeitreni.it\/blog\/index.php?rest_route=%2Fwp%2Fv2%2Fcomments&post=11809"}],"version-history":[{"count":1,"href":"https:\/\/www.ilmondodeitreni.it\/blog\/index.php?rest_route=\/wp\/v2\/posts\/11809\/revisions"}],"predecessor-version":[{"id":11811,"href":"https:\/\/www.ilmondodeitreni.it\/blog\/index.php?rest_route=\/wp\/v2\/posts\/11809\/revisions\/11811"}],"wp:attachment":[{"href":"https:\/\/www.ilmondodeitreni.it\/blog\/index.php?rest_route=%2Fwp%2Fv2%2Fmedia&parent=11809"}],"wp:term":[{"taxonomy":"category","embeddable":true,"href":"https:\/\/www.ilmondodeitreni.it\/blog\/index.php?rest_route=%2Fwp%2Fv2%2Fcategories&post=11809"},{"taxonomy":"post_tag","embeddable":true,"href":"https:\/\/www.ilmondodeitreni.it\/blog\/index.php?rest_route=%2Fwp%2Fv2%2Ftags&post=11809"}],"curies":[{"name":"wp","href":"https:\/\/api.w.org\/{rel}","templated":true}]}}