{"id":11787,"date":"2020-05-27T15:44:49","date_gmt":"2020-05-27T13:44:49","guid":{"rendered":"http:\/\/www.ilmondodeitreni.it\/blog\/?p=11787"},"modified":"2021-03-26T10:57:16","modified_gmt":"2021-03-26T09:57:16","slug":"eav-rafforza-i-servizi-bus-sullisola-di-procida","status":"publish","type":"post","link":"https:\/\/www.ilmondodeitreni.it\/blog\/?p=11787","title":{"rendered":"Eav rafforza i servizi bus sull\u2019isola di Procida"},"content":{"rendered":"<p style=\"text-align: justify;\"><a href=\"http:\/\/www.ilmondodeitreni.it\/blog\/wp-content\/uploads\/2020\/05\/FB_IMG_1590586646660.jpg\" rel=\"attachment wp-att-11788\"><img loading=\"lazy\" decoding=\"async\" class=\"alignleft wp-image-11788 size-thumbnail\" src=\"http:\/\/www.ilmondodeitreni.it\/blog\/wp-content\/uploads\/2020\/05\/FB_IMG_1590586646660-160x134.jpg\" alt=\"\" width=\"160\" height=\"134\" srcset=\"https:\/\/www.ilmondodeitreni.it\/blog\/wp-content\/uploads\/2020\/05\/FB_IMG_1590586646660-160x134.jpg 160w, https:\/\/www.ilmondodeitreni.it\/blog\/wp-content\/uploads\/2020\/05\/FB_IMG_1590586646660-573x480.jpg 573w, https:\/\/www.ilmondodeitreni.it\/blog\/wp-content\/uploads\/2020\/05\/FB_IMG_1590586646660-916x768.jpg 916w, https:\/\/www.ilmondodeitreni.it\/blog\/wp-content\/uploads\/2020\/05\/FB_IMG_1590586646660-768x644.jpg 768w, https:\/\/www.ilmondodeitreni.it\/blog\/wp-content\/uploads\/2020\/05\/FB_IMG_1590586646660-150x126.jpg 150w, https:\/\/www.ilmondodeitreni.it\/blog\/wp-content\/uploads\/2020\/05\/FB_IMG_1590586646660.jpg 940w\" sizes=\"auto, (max-width: 160px) 100vw, 160px\" \/><\/a>Da domani un nuovo autobus andr\u00e0 ad incrementare la flotta di EAV che garantisce la mobilit\u00e0 pubblica sull\u2019isola. Il bus (marca IVECO INDCAR, modello MOBI RLF 7 metri) fa parte dei 37 nuovi autobus assegnati ad EAV dalla Regione Campania, attraverso le procedure di Acamir, ad inizio 2020 e che, per la sopravvenuta emergenza covid19, solo oggi l\u2019azienda potr\u00e0 finalmente mettere in esercizio. Il nuovo mezzo, come tutti quelli di nuova generazione acquistati in questo lotto, \u00e8 dotato di nuove tecnologie e soddisfa le caratteristiche di accessibilit\u00e0 per tutti gli utenti. Per le sue dimensioni, si adatta alla particolare viabilit\u00e0 dell&#8217;isola.<\/p>\n<p style=\"text-align: justify;\">Tra la fine del 2020 e l&#8217;estate del 2021, se non vi saranno ritardi causati dall&#8217;emergenza sanitaria dei mesi passati, Eav ricever\u00e0 altri 100 autobus, di cui 3 di dimensioni inferiori ai 6 metri, ancora pi\u00f9 congeniali ai tortuosi percorsi di Procida.<\/p>\n<p style=\"text-align: justify;\">Si consolida cos\u00ec la proficua collaborazione tra Comune di Procida ed EAV volta a migliorare sempre di pi\u00f9 i servizi resi ai cittadini<\/p>\n","protected":false},"excerpt":{"rendered":"<p>Da domani un nuovo autobus andr\u00e0 ad incrementare la flotta di EAV che garantisce la mobilit\u00e0 pubblica sull\u2019isola. Il bus (marca IVECO INDCAR, modello MOBI RLF 7 metri) fa parte dei 37 nuovi autobus assegnati ad EAV dalla Regione Campania, attraverso le procedure di Acamir, ad inizio 2020 e che, per la sopravvenuta emergenza covid19, solo oggi l\u2019azienda potr\u00e0 finalmente mettere in esercizio. Il nuovo mezzo, come tutti quelli di\u2026<\/p>\n<p class=\"continue-reading-button\"> <a class=\"continue-reading-link\" href=\"https:\/\/www.ilmondodeitreni.it\/blog\/?p=11787\">Continua la lettura<i class=\"crycon-right-dir\"><\/i><\/a><\/p>\n","protected":false},"author":3,"featured_media":0,"comment_status":"open","ping_status":"open","sticky":false,"template":"","format":"standard","meta":{"footnotes":""},"categories":[2],"tags":[531,710,1278,69,8133,29],"class_list":["post-11787","post","type-post","status-publish","format-standard","hentry","category-news","tag-campania","tag-eav","tag-iveco","tag-mobilita","tag-procida","tag-trasporti"],"_links":{"self":[{"href":"https:\/\/www.ilmondodeitreni.it\/blog\/index.php?rest_route=\/wp\/v2\/posts\/11787","targetHints":{"allow":["GET"]}}],"collection":[{"href":"https:\/\/www.ilmondodeitreni.it\/blog\/index.php?rest_route=\/wp\/v2\/posts"}],"about":[{"href":"https:\/\/www.ilmondodeitreni.it\/blog\/index.php?rest_route=\/wp\/v2\/types\/post"}],"author":[{"embeddable":true,"href":"https:\/\/www.ilmondodeitreni.it\/blog\/index.php?rest_route=\/wp\/v2\/users\/3"}],"replies":[{"embeddable":true,"href":"https:\/\/www.ilmondodeitreni.it\/blog\/index.php?rest_route=%2Fwp%2Fv2%2Fcomments&post=11787"}],"version-history":[{"count":3,"href":"https:\/\/www.ilmondodeitreni.it\/blog\/index.php?rest_route=\/wp\/v2\/posts\/11787\/revisions"}],"predecessor-version":[{"id":12852,"href":"https:\/\/www.ilmondodeitreni.it\/blog\/index.php?rest_route=\/wp\/v2\/posts\/11787\/revisions\/12852"}],"wp:attachment":[{"href":"https:\/\/www.ilmondodeitreni.it\/blog\/index.php?rest_route=%2Fwp%2Fv2%2Fmedia&parent=11787"}],"wp:term":[{"taxonomy":"category","embeddable":true,"href":"https:\/\/www.ilmondodeitreni.it\/blog\/index.php?rest_route=%2Fwp%2Fv2%2Fcategories&post=11787"},{"taxonomy":"post_tag","embeddable":true,"href":"https:\/\/www.ilmondodeitreni.it\/blog\/index.php?rest_route=%2Fwp%2Fv2%2Ftags&post=11787"}],"curies":[{"name":"wp","href":"https:\/\/api.w.org\/{rel}","templated":true}]}}