{"id":1170,"date":"2015-01-22T13:45:15","date_gmt":"2015-01-22T12:45:15","guid":{"rendered":"http:\/\/www.ilmondodeitreni.it\/blog\/?p=1170"},"modified":"2015-01-22T13:42:59","modified_gmt":"2015-01-22T12:42:59","slug":"ferrovia-avezzano-roccasecca-ancora-nessuna-risposta-dalla-regione-abruzzo","status":"publish","type":"post","link":"https:\/\/www.ilmondodeitreni.it\/blog\/?p=1170","title":{"rendered":"Ferrovia Avezzano &#8211; Roccasecca: ancora nessuna risposta dalla Regione Abruzzo"},"content":{"rendered":"<p style=\"text-align: justify;\"><a href=\"http:\/\/www.ilmondodeitreni.it\/blog\/wp-content\/uploads\/2014\/12\/668_3313balsorano.jpg\"><img loading=\"lazy\" decoding=\"async\" class=\"alignleft size-thumbnail wp-image-719\" src=\"http:\/\/www.ilmondodeitreni.it\/blog\/wp-content\/uploads\/2014\/12\/668_3313balsorano-150x150.jpg\" alt=\"668_3313balsorano\" width=\"150\" height=\"150\" \/><\/a>Continua senza sosta la meritoria opera del Comitato &#8220;Salviamo la Ferrovia Avezzano Roccasecca&#8221; che\u00a0\u00a0a distanza di oltre 3 mesi dalla sospirata riapertura della linea attende ancora una risposta dalla regione Abruzzo sulle necessarie modifiche all&#8217;orario, richieste pi\u00f9 volte per venire incontro alle esigenze dell&#8217;utenza. Come fa sapere\u00a0Emilio Cancelli, Presidente del Comitato &#8221;\u00a0abbiamo dovuto prendere atto, nostro malgrado, che soltanto la Regione Lazio, insieme a Trenitalia, ci \u00e8 stata ad ascoltare, constatando per\u00f2 che, finanziando 6 dei 20 treni\/giorno attualmente in circolazione sulla Avezzano Roccasecca, ben poco si pu\u00f2 cambiare senza l&#8217;intervento della Regione Abruzzo. Dalla quale, ad ora, nessuna risposta \u00e8 mai giunta! A quel che sembra, a L&#8217;Aquila sono impegnati a progettare il futuro della Regione, dimentichi per\u00f2 dei problemi di oggi che, sia pure in prorogatio del contratto di servizio con Trenitalia, possono essere risolti con il minimo sforzo e con tanto buon senso&#8221; le richieste del Comitato, come fa sapere la Vice Presidente Rosaria Villa, &#8220;sono tutte volte al miglioramento del servizio. Solo per citarne alcune: integrazione tariffaria, sia come integrazione ferro\/gomma che come integrazione regionale, modernizzazione\/svecchiamento del materiale rotabile, aumento delle carrozze, spesso insufficienti. La missione del Comitato \u00e8 chiara: difendere e riqualificare la linea Avezzano Roccasecca. E con questo non intendiamo solo eventuale sviluppo turistico (il 16 Novembre ne abbiamo dato prova); intendiamo un servizio efficiente, puntuale e vicino alle esigenze dei pendolari.&#8221; Sulla stessa lunghezza d&#8217;onda del Comitato anche il CeSMoT &#8211; Centro Studi sulla Mobilit\u00e0 e i Trasporti per il quale &#8220;\u00e8 indispensabile che la Regione Abruzzo, che negli ultimi anni si \u00e8 purtroppo dimostrata poco attenta alle tematiche del trasporto ferroviario, inverta rapidamente rotta e recepisca le richieste che giungono dal Comitato, di cui plaudiamo il meritorio impegno che ha portato alla riapertura della linea, e dai numerosi utilizzatori della linea, che hanno diritto ad un servizio efficace ed efficiente. &#8220;<\/p>\n<p style=\"text-align: justify;\">Nel frattempo, l&#8217;impegno del Comitato,\u00a0\u00e8 riuscito a far si che \u00a0siano stati riparati i guasti che hanno provocato diversi ritardi e, da quel che si \u00e8 potuto apprendere,\u00a0sar\u00e0 ripristinato il punto di incrocio di Balsorano, a tutto vantaggio della regolarit\u00e0 della circolazione.<\/p>\n<p>&nbsp;<\/p>\n","protected":false},"excerpt":{"rendered":"<p>Continua senza sosta la meritoria opera del Comitato &#8220;Salviamo la Ferrovia Avezzano Roccasecca&#8221; che\u00a0\u00a0a distanza di oltre 3 mesi dalla sospirata riapertura della linea attende ancora una risposta dalla regione Abruzzo sulle necessarie modifiche all&#8217;orario, richieste pi\u00f9 volte per venire incontro alle esigenze dell&#8217;utenza. Come fa sapere\u00a0Emilio Cancelli, Presidente del Comitato &#8221;\u00a0abbiamo dovuto prendere atto, nostro malgrado, che soltanto la Regione Lazio, insieme a Trenitalia, ci \u00e8 stata ad ascoltare,\u2026<\/p>\n<p class=\"continue-reading-button\"> <a class=\"continue-reading-link\" href=\"https:\/\/www.ilmondodeitreni.it\/blog\/?p=1170\">Continua la lettura<i class=\"crycon-right-dir\"><\/i><\/a><\/p>\n","protected":false},"author":1,"featured_media":0,"comment_status":"open","ping_status":"open","sticky":false,"template":"","format":"standard","meta":{"footnotes":""},"categories":[2],"tags":[189,145,680,780,5,17,781,14,23],"class_list":["post-1170","post","type-post","status-publish","format-standard","hentry","category-news","tag-abruzzo","tag-cesmot","tag-emilio-cancelli","tag-ferrovia-avezzano-roccasecca","tag-ferrovie","tag-lazio","tag-rosaria-villa","tag-sora","tag-trenitalia"],"_links":{"self":[{"href":"https:\/\/www.ilmondodeitreni.it\/blog\/index.php?rest_route=\/wp\/v2\/posts\/1170","targetHints":{"allow":["GET"]}}],"collection":[{"href":"https:\/\/www.ilmondodeitreni.it\/blog\/index.php?rest_route=\/wp\/v2\/posts"}],"about":[{"href":"https:\/\/www.ilmondodeitreni.it\/blog\/index.php?rest_route=\/wp\/v2\/types\/post"}],"author":[{"embeddable":true,"href":"https:\/\/www.ilmondodeitreni.it\/blog\/index.php?rest_route=\/wp\/v2\/users\/1"}],"replies":[{"embeddable":true,"href":"https:\/\/www.ilmondodeitreni.it\/blog\/index.php?rest_route=%2Fwp%2Fv2%2Fcomments&post=1170"}],"version-history":[{"count":2,"href":"https:\/\/www.ilmondodeitreni.it\/blog\/index.php?rest_route=\/wp\/v2\/posts\/1170\/revisions"}],"predecessor-version":[{"id":1183,"href":"https:\/\/www.ilmondodeitreni.it\/blog\/index.php?rest_route=\/wp\/v2\/posts\/1170\/revisions\/1183"}],"wp:attachment":[{"href":"https:\/\/www.ilmondodeitreni.it\/blog\/index.php?rest_route=%2Fwp%2Fv2%2Fmedia&parent=1170"}],"wp:term":[{"taxonomy":"category","embeddable":true,"href":"https:\/\/www.ilmondodeitreni.it\/blog\/index.php?rest_route=%2Fwp%2Fv2%2Fcategories&post=1170"},{"taxonomy":"post_tag","embeddable":true,"href":"https:\/\/www.ilmondodeitreni.it\/blog\/index.php?rest_route=%2Fwp%2Fv2%2Ftags&post=1170"}],"curies":[{"name":"wp","href":"https:\/\/api.w.org\/{rel}","templated":true}]}}