{"id":11666,"date":"2020-05-11T12:00:33","date_gmt":"2020-05-11T10:00:33","guid":{"rendered":"http:\/\/www.ilmondodeitreni.it\/blog\/?p=11666"},"modified":"2020-05-11T12:28:30","modified_gmt":"2020-05-11T10:28:30","slug":"riapre-la-stazione-alta-velocita-di-bologna-centrale","status":"publish","type":"post","link":"https:\/\/www.ilmondodeitreni.it\/blog\/?p=11666","title":{"rendered":"Riapre la stazione Alta Velocit\u00e0 di Bologna Centrale"},"content":{"rendered":"<p style=\"text-align: justify;\"><span style=\"font-size: 12pt; font-family: arial, helvetica, sans-serif;\"><a href=\"http:\/\/www.ilmondodeitreni.it\/blog\/2018\/12\/09\/il-frecciarossa-di-trenitalia-arriva-a-fiumicino-aeroporto\/2018_12_09_frecciarossa_1000_fiumicino_1\/\" rel=\"attachment wp-att-8317\"><img loading=\"lazy\" decoding=\"async\" class=\"alignleft wp-image-8317 size-thumbnail\" src=\"http:\/\/www.ilmondodeitreni.it\/blog\/wp-content\/uploads\/2018\/12\/2018_12_09_Frecciarossa_1000_Fiumicino_1-160x98.jpg\" alt=\"\" width=\"160\" height=\"98\" srcset=\"https:\/\/www.ilmondodeitreni.it\/blog\/wp-content\/uploads\/2018\/12\/2018_12_09_Frecciarossa_1000_Fiumicino_1-160x98.jpg 160w, https:\/\/www.ilmondodeitreni.it\/blog\/wp-content\/uploads\/2018\/12\/2018_12_09_Frecciarossa_1000_Fiumicino_1.jpg 512w\" sizes=\"auto, (max-width: 160px) 100vw, 160px\" \/><\/a>Luned\u00ec 11 maggio riapre la stazione sotterranea di Bologna Centrale, dedicati ai treni Alta Velocit\u00e0. L&#8217;hub \u00e8 chiuso dallo scorso 4 aprile in coerenza con la rimodulazione del servizio ferroviario dovuta all&#8217;emergenza sanitaria per arginare l&#8217;epidemia del Covid-19. Si accede alla stazione dall\u2019atrio di Via De\u2019 Carracci. Chi proviene da Piazza delle Medaglie d\u2019Oro o dai marciapiedi dei binari di superficie sar\u00e0 indirizzato verso quell\u2019ingresso da una specifica segnaletica di orientamento. Il Kiss&amp;Ride e i due parcheggi P2 e P3&nbsp;(con accesso tramite Kiss&amp;Ride) restano chiusi, mentre il&nbsp;parcheggio P1&nbsp;(con accesso da Via Matteotti e da Via Serlio), continua a restare&nbsp;aperto dal luned\u00ec al venerd\u00ec dalle 6:00 alle 20:00 e il sabato dalle 10:00 alle 20:00.<\/span><\/p>\n<p>&nbsp;<\/p>\n","protected":false},"excerpt":{"rendered":"<p>Luned\u00ec 11 maggio riapre la stazione sotterranea di Bologna Centrale, dedicati ai treni Alta Velocit\u00e0. L&#8217;hub \u00e8 chiuso dallo scorso 4 aprile in coerenza con la rimodulazione del servizio ferroviario dovuta all&#8217;emergenza sanitaria per arginare l&#8217;epidemia del Covid-19. Si accede alla stazione dall\u2019atrio di Via De\u2019 Carracci. Chi proviene da Piazza delle Medaglie d\u2019Oro o dai marciapiedi dei binari di superficie sar\u00e0 indirizzato verso quell\u2019ingresso da una specifica segnaletica di\u2026<\/p>\n<p class=\"continue-reading-button\"> <a class=\"continue-reading-link\" href=\"https:\/\/www.ilmondodeitreni.it\/blog\/?p=11666\">Continua la lettura<i class=\"crycon-right-dir\"><\/i><\/a><\/p>\n","protected":false},"author":2,"featured_media":0,"comment_status":"open","ping_status":"open","sticky":false,"template":"","format":"standard","meta":{"footnotes":""},"categories":[2],"tags":[179,1701,7544,5],"class_list":["post-11666","post","type-post","status-publish","format-standard","hentry","category-news","tag-alta-velocita","tag-bologna-centrale","tag-covid-2019","tag-ferrovie"],"_links":{"self":[{"href":"https:\/\/www.ilmondodeitreni.it\/blog\/index.php?rest_route=\/wp\/v2\/posts\/11666","targetHints":{"allow":["GET"]}}],"collection":[{"href":"https:\/\/www.ilmondodeitreni.it\/blog\/index.php?rest_route=\/wp\/v2\/posts"}],"about":[{"href":"https:\/\/www.ilmondodeitreni.it\/blog\/index.php?rest_route=\/wp\/v2\/types\/post"}],"author":[{"embeddable":true,"href":"https:\/\/www.ilmondodeitreni.it\/blog\/index.php?rest_route=\/wp\/v2\/users\/2"}],"replies":[{"embeddable":true,"href":"https:\/\/www.ilmondodeitreni.it\/blog\/index.php?rest_route=%2Fwp%2Fv2%2Fcomments&post=11666"}],"version-history":[{"count":1,"href":"https:\/\/www.ilmondodeitreni.it\/blog\/index.php?rest_route=\/wp\/v2\/posts\/11666\/revisions"}],"predecessor-version":[{"id":11667,"href":"https:\/\/www.ilmondodeitreni.it\/blog\/index.php?rest_route=\/wp\/v2\/posts\/11666\/revisions\/11667"}],"wp:attachment":[{"href":"https:\/\/www.ilmondodeitreni.it\/blog\/index.php?rest_route=%2Fwp%2Fv2%2Fmedia&parent=11666"}],"wp:term":[{"taxonomy":"category","embeddable":true,"href":"https:\/\/www.ilmondodeitreni.it\/blog\/index.php?rest_route=%2Fwp%2Fv2%2Fcategories&post=11666"},{"taxonomy":"post_tag","embeddable":true,"href":"https:\/\/www.ilmondodeitreni.it\/blog\/index.php?rest_route=%2Fwp%2Fv2%2Ftags&post=11666"}],"curies":[{"name":"wp","href":"https:\/\/api.w.org\/{rel}","templated":true}]}}