{"id":11658,"date":"2020-05-10T12:00:09","date_gmt":"2020-05-10T10:00:09","guid":{"rendered":"http:\/\/www.ilmondodeitreni.it\/blog\/?p=11658"},"modified":"2020-05-09T13:04:56","modified_gmt":"2020-05-09T11:04:56","slug":"provincia-di-trento-da-lunedi-11-maggio-le-nuove-tariffe-e-titoli-di-viaggio-per-i-servizi-extraurbani","status":"publish","type":"post","link":"https:\/\/www.ilmondodeitreni.it\/blog\/?p=11658","title":{"rendered":"Provincia di Trento: da luned\u00ec 11 maggio le nuove tariffe e titoli di viaggio per i servizi extraurbani"},"content":{"rendered":"<p style=\"text-align: justify;\"><span style=\"font-size: 12pt; font-family: arial, helvetica, sans-serif;\"><a href=\"http:\/\/www.ilmondodeitreni.it\/blog\/2016\/03\/28\/2250\/b51_trento\/\" rel=\"attachment wp-att-4009\"><img loading=\"lazy\" decoding=\"async\" class=\"alignleft size-thumbnail wp-image-4009\" src=\"http:\/\/www.ilmondodeitreni.it\/blog\/wp-content\/uploads\/2016\/03\/B51_trento-160x120.jpg\" alt=\"\" width=\"160\" height=\"120\" srcset=\"https:\/\/www.ilmondodeitreni.it\/blog\/wp-content\/uploads\/2016\/03\/B51_trento-160x120.jpg 160w, https:\/\/www.ilmondodeitreni.it\/blog\/wp-content\/uploads\/2016\/03\/B51_trento-200x150.jpg 200w, https:\/\/www.ilmondodeitreni.it\/blog\/wp-content\/uploads\/2016\/03\/B51_trento-300x225.jpg 300w, https:\/\/www.ilmondodeitreni.it\/blog\/wp-content\/uploads\/2016\/03\/B51_trento-150x113.jpg 150w, https:\/\/www.ilmondodeitreni.it\/blog\/wp-content\/uploads\/2016\/03\/B51_trento.jpg 640w\" sizes=\"auto, (max-width: 160px) 100vw, 160px\" \/><\/a>Da luned\u00ec 11 maggio si conclude il periodo di gratuit\u00e0 applicato sui servizi di trasporto pubblico, bus corriere e treni e saranno attivate una serie di novit\u00e0. Tra queste l&#8217;applicazione della nuova tariffa fissa extraurbana di 2 euro (1,80 euro con App su smartphone) per tutti i percorsi, mentre rimarranno invariate le tariffe per i biglietti urbani. <\/span><span style=\"font-size: 12pt; font-family: arial, helvetica, sans-serif;\">Non sar\u00e0 pi\u00f9 possibile l\u2019acquisto dei biglietti a bordo n\u00e9 su urbano n\u00e9 su extraurbano. Tutti gli utenti dovranno quindi salire sui mezzi del trasporto pubblico locale gi\u00e0 muniti di uno dei seguenti titolo di viaggio: abbonamento valido, biglietto acquistato su smartphone con le APP accreditate (openmove o dropticket), la tessera a scalare nominativa o anonima o il biglietto di corsa semplice (acquistato in biglietteria o presso self service, o nelle rivendite tabacchi per il servizio urbano).<\/span><br \/>\n<span style=\"font-size: 12pt; font-family: arial, helvetica, sans-serif;\">Per garantire all&#8217;utenza extraurbana in salita da fermate di periferia e prive di biglietteria la possibilit\u00e0 di acquisire il titolo di viaggio sono state diffuse presso le Famiglie Cooperative di paese convenzionate le carte a scalare precaricate da 10 euro. L&#8217;utente potr\u00e0 cos\u00ec salire sulla corriera, validare la tessera ed il sistema scaler\u00e0 dalla tessera 2 euro, indistintamente ed indipendentemente dalla lunghezza del viaggio. La carta scalare \u00e8 acquistabile inoltre presso le Biglietterie di Trentino trasporti e Trenitalia al costo di 1 euro.<\/span><\/p>\n","protected":false},"excerpt":{"rendered":"<p>Da luned\u00ec 11 maggio si conclude il periodo di gratuit\u00e0 applicato sui servizi di trasporto pubblico, bus corriere e treni e saranno attivate una serie di novit\u00e0. Tra queste l&#8217;applicazione della nuova tariffa fissa extraurbana di 2 euro (1,80 euro con App su smartphone) per tutti i percorsi, mentre rimarranno invariate le tariffe per i biglietti urbani. Non sar\u00e0 pi\u00f9 possibile l\u2019acquisto dei biglietti a bordo n\u00e9 su urbano n\u00e9\u2026<\/p>\n<p class=\"continue-reading-button\"> <a class=\"continue-reading-link\" href=\"https:\/\/www.ilmondodeitreni.it\/blog\/?p=11658\">Continua la lettura<i class=\"crycon-right-dir\"><\/i><\/a><\/p>\n","protected":false},"author":9,"featured_media":0,"comment_status":"open","ping_status":"open","sticky":false,"template":"","format":"standard","meta":{"footnotes":""},"categories":[2],"tags":[5780,69,5781,248,23,4911],"class_list":["post-11658","post","type-post","status-publish","format-standard","hentry","category-news","tag-dropticket","tag-mobilita","tag-openmove","tag-provincia-di-trento","tag-trenitalia","tag-trentino-trasporti"],"_links":{"self":[{"href":"https:\/\/www.ilmondodeitreni.it\/blog\/index.php?rest_route=\/wp\/v2\/posts\/11658","targetHints":{"allow":["GET"]}}],"collection":[{"href":"https:\/\/www.ilmondodeitreni.it\/blog\/index.php?rest_route=\/wp\/v2\/posts"}],"about":[{"href":"https:\/\/www.ilmondodeitreni.it\/blog\/index.php?rest_route=\/wp\/v2\/types\/post"}],"author":[{"embeddable":true,"href":"https:\/\/www.ilmondodeitreni.it\/blog\/index.php?rest_route=\/wp\/v2\/users\/9"}],"replies":[{"embeddable":true,"href":"https:\/\/www.ilmondodeitreni.it\/blog\/index.php?rest_route=%2Fwp%2Fv2%2Fcomments&post=11658"}],"version-history":[{"count":1,"href":"https:\/\/www.ilmondodeitreni.it\/blog\/index.php?rest_route=\/wp\/v2\/posts\/11658\/revisions"}],"predecessor-version":[{"id":11659,"href":"https:\/\/www.ilmondodeitreni.it\/blog\/index.php?rest_route=\/wp\/v2\/posts\/11658\/revisions\/11659"}],"wp:attachment":[{"href":"https:\/\/www.ilmondodeitreni.it\/blog\/index.php?rest_route=%2Fwp%2Fv2%2Fmedia&parent=11658"}],"wp:term":[{"taxonomy":"category","embeddable":true,"href":"https:\/\/www.ilmondodeitreni.it\/blog\/index.php?rest_route=%2Fwp%2Fv2%2Fcategories&post=11658"},{"taxonomy":"post_tag","embeddable":true,"href":"https:\/\/www.ilmondodeitreni.it\/blog\/index.php?rest_route=%2Fwp%2Fv2%2Ftags&post=11658"}],"curies":[{"name":"wp","href":"https:\/\/api.w.org\/{rel}","templated":true}]}}