{"id":11650,"date":"2020-05-09T11:06:06","date_gmt":"2020-05-09T09:06:06","guid":{"rendered":"http:\/\/www.ilmondodeitreni.it\/blog\/?p=11650"},"modified":"2020-05-09T11:06:06","modified_gmt":"2020-05-09T09:06:06","slug":"potenziamento-dei-servizi-tilo-dall11-maggio-2020","status":"publish","type":"post","link":"https:\/\/www.ilmondodeitreni.it\/blog\/?p=11650","title":{"rendered":"Potenziamento dei servizi TILO dall\u201911 maggio 2020"},"content":{"rendered":"<p style=\"text-align: justify;\"><span style=\"font-size: 12pt; font-family: arial, helvetica, sans-serif;\"><a href=\"http:\/\/www.ilmondodeitreni.it\/blog\/2014\/11\/26\/inaugurata-la-linea-ferroviaria-fmv-tra-mendrisio-e-stabio-nuova-offerta-tilo-s40s50-dal-15-dicembre-2014\/stabio\/\" rel=\"attachment wp-att-446\"><img loading=\"lazy\" decoding=\"async\" class=\"alignleft size-thumbnail wp-image-446\" src=\"http:\/\/www.ilmondodeitreni.it\/blog\/wp-content\/uploads\/2014\/11\/Stabio-150x150.jpg\" alt=\"\" width=\"150\" height=\"150\"\/><\/a>Visto l\u2019evolversi della situazione attuale, l\u2019offerta di collegamenti TILO viene ulteriormente potenziata, garantendo per gran parte della giornata un treno ogni 30 minuti in determinate tratte. Viene comunque mantenuta fino a nuovo avviso una parziale riduzione dell\u2019offerta di trasporto pubblico. Sono sempre soppressi tutti i collegamenti transfrontalieri con l\u2019Italia. La situazione viene costantemente monitorata.<\/span><br \/>\n<span style=\"font-size: 12pt; font-family: arial, helvetica, sans-serif;\">I servizi TILO circolano nel seguente modo:<\/span><\/p>\n<p style=\"text-align: justify;\">&nbsp;<\/p>\n<p style=\"text-align: justify;\"><strong><span style=\"font-size: 12pt; font-family: arial, helvetica, sans-serif;\">RE10 (Erstfeld\u2013Bellinzona\u2013Lugano\u2013Chiasso\u2013Como\u2013Milano)<\/span><\/strong><\/p>\n<ul style=\"text-align: justify;\">\n<li><span style=\"font-size: 12pt; font-family: arial, helvetica, sans-serif;\">Il servizio \u00e8 soppresso tra Chiasso e Como. <\/span><\/li>\n<li><span style=\"font-size: 12pt; font-family: arial, helvetica, sans-serif;\">In territorio italiano circola un servizio sostitutivo tra Como\u2013Milano<\/span><\/li>\n<\/ul>\n<p style=\"text-align: justify;\"><strong><span style=\"font-size: 12pt; font-family: arial, helvetica, sans-serif;\">S10 (Bellinzona\u2013Lugano\u2013Chiasso\u2013Como)<\/span><\/strong><\/p>\n<ul style=\"text-align: justify;\">\n<li><span style=\"font-size: 12pt; font-family: arial, helvetica, sans-serif;\">Il servizio \u00e8 soppresso tra Chiasso e Como. <\/span><\/li>\n<li><span style=\"font-size: 12pt; font-family: arial, helvetica, sans-serif;\">Treni ogni 30 minuti tra Bellinzona e Chiasso sono garantiti sull\u2019arco della giornata .<\/span><\/li>\n<li><span style=\"font-size: 12pt; font-family: arial, helvetica, sans-serif;\"> Sono soppressi i collegamenti in partenza da Bellinzona alle 4.34 \/ 23.34 \/ 00.34 e in arrivo a Bellinzona alle 23.26 \/ 00.26 \/ 01.26<\/span><\/li>\n<\/ul>\n<p style=\"text-align: justify;\"><strong><span style=\"font-size: 12pt; font-family: arial, helvetica, sans-serif;\">S20 (Airolo\u2013Biasca\u2013Bellinzona\u2013Locarno)<\/span><\/strong><\/p>\n<ul style=\"text-align: justify;\">\n<li><span style=\"font-size: 12pt; font-family: arial, helvetica, sans-serif;\">Treni ogni 30 minuti tra Biasca\/Castione-Arbedo e Locarno sono garantiti sull\u2019arco della giornata. <\/span><\/li>\n<li><span style=\"font-size: 12pt; font-family: arial, helvetica, sans-serif;\">Sono soppressi i collegamenti in partenza da Bellinzona alle 22.32 \/ 23.32 \/ 00.32 e in arrivo a Bellinzona alle 23.28 \/ 00.26 \/ 01.30 .<\/span><\/li>\n<li><span style=\"font-size: 12pt; font-family: arial, helvetica, sans-serif;\">I due collegamenti nelle fasce orarie di punta mattutine e serali tra Airolo e Locarno circolano regolarmente<\/span><\/li>\n<\/ul>\n<p style=\"text-align: justify;\"><strong><span style=\"font-size: 12pt; font-family: arial, helvetica, sans-serif;\">S30 (Cadenazzo\u2013Luino\u2013Gallarate)<\/span><\/strong><\/p>\n<ul style=\"text-align: justify;\">\n<li><span style=\"font-size: 12pt; font-family: arial, helvetica, sans-serif;\">Il servizio \u00e8 completamente soppresso<\/span><\/li>\n<\/ul>\n<p style=\"text-align: justify;\"><strong><span style=\"font-family: arial, helvetica, sans-serif; font-size: 12pt;\">S40 (Varese\u2013Mendrisio\u2013Como)&nbsp; &nbsp; &nbsp; <\/span><\/strong><\/p>\n<ul style=\"text-align: justify;\">\n<li><span style=\"font-size: 12pt; font-family: arial, helvetica, sans-serif;\">Il servizio \u00e8 completamente soppresso<\/span><\/li>\n<\/ul>\n<p style=\"text-align: justify;\"><span style=\"font-family: arial, helvetica, sans-serif; font-size: 12pt;\"><strong>S50 (Bellinzona\u2013Lugano\u2013Mendrisio\u2013Varese\u2013Malpensa)&nbsp;<\/strong> &nbsp; &nbsp; &nbsp; &nbsp; &nbsp; &nbsp; &nbsp; &nbsp; &nbsp; &nbsp; &nbsp; &nbsp; &nbsp; &nbsp; &nbsp; &nbsp; &nbsp; &nbsp; &nbsp; &nbsp; &nbsp; &nbsp; &nbsp; &nbsp; &nbsp; &nbsp; &nbsp; &nbsp; &nbsp; &nbsp; &nbsp; &nbsp; &nbsp; &nbsp; &nbsp; &nbsp; &nbsp; &nbsp; &nbsp; &nbsp; &nbsp; &nbsp; &nbsp; &nbsp; &nbsp; &nbsp; &nbsp; <\/span><\/p>\n<ul style=\"text-align: justify;\">\n<li><span style=\"font-size: 12pt; font-family: arial, helvetica, sans-serif;\">Il servizio \u00e8 soppresso tra Stabio e Malpensa. <\/span><\/li>\n<li><span style=\"font-size: 12pt; font-family: arial, helvetica, sans-serif;\">Treni ogni 60 minuti tra Mendrisio e Stabio garantiti sull\u2019arco della giornata (nella fascia oraria tra le 4.30 e le 00.30, orario di partenza\/arrivo a Mendrisio). <\/span><\/li>\n<li><span style=\"font-size: 12pt; font-family: arial, helvetica, sans-serif;\">\u00c8 garantita la coincidenza con i collegamenti RE10 e S10 a Mendrisio<\/span><\/li>\n<\/ul>\n<p style=\"text-align: justify;\"><strong><span style=\"font-size: 12pt; font-family: arial, helvetica, sans-serif;\">TILO Pigiama<\/span><\/strong><\/p>\n<ul style=\"text-align: justify;\">\n<li><span style=\"font-size: 12pt; font-family: arial, helvetica, sans-serif;\">Il servizio notturno \u00e8 completamente soppresso<\/span><\/li>\n<\/ul>\n<p style=\"text-align: justify;\">\n<span style=\"font-size: 12pt; font-family: arial, helvetica, sans-serif;\">Si prega di prestare attenzione agli avvisi in stazione, l\u2019orario online viene aggiornato regolarmente.<\/span><\/p>\n<p style=\"text-align: justify;\"><span style=\"font-size: 12pt; font-family: arial, helvetica, sans-serif;\">Modifiche alle misure indicate saranno valutate a seconda dell\u2019evolversi della situazione e comunicate tempestivamente.<\/span><\/p>\n<p style=\"text-align: justify;\"><span style=\"font-size: 12pt; font-family: arial, helvetica, sans-serif;\">Altre informazioni sul traffico ferroviario possono essere trovate anche sulle pagine web di FFS e Trenord.<\/span><br \/>\n<span style=\"font-size: 12pt; font-family: arial, helvetica, sans-serif;\">Il piano di protezione per i trasporti pubblici rende viaggiare il pi\u00f9 sicuro possibile<\/span><br \/>\n<span style=\"font-size: 12pt; font-family: arial, helvetica, sans-serif;\">I leader di sistema per il trasporto ferroviario (FFS) e su strada (AutoPostale) hanno sviluppato il piano su incarico dell&#8217;Ufficio federale dei trasporti (UFT). Esso si basa sulle raccomandazioni e sulle misure emanate dall&#8217;Ufficio federale della sanit\u00e0 pubblica (UFSP) per contrastare la diffusione del coronavirus. Le regole si applicano a tutti i mezzi di trasporto pubblici e a tutte le stazioni e fermate. Dato che \u00e8 ancora sospeso, il traffico turistico non \u00e8 stato considerato nel piano. Quest\u2019ultimo entrer\u00e0 in vigore l&#8217;11 maggio 2020 e sar\u00e0 adattato se lo richieder\u00e0 la strategia del Consiglio federale o se risulter\u00e0 necessario ottimizzarlo.<\/span><br \/>\n<span style=\"font-size: 12pt; font-family: arial, helvetica, sans-serif;\">Qui trovate informazioni dettagliate sul piano di protezione:<a href=\"http:\/\/www.ffs.ch\/covid-info\">&nbsp;http:\/\/www.ffs.ch\/covid-info<\/a><\/span><\/p>\n","protected":false},"excerpt":{"rendered":"<p>Visto l\u2019evolversi della situazione attuale, l\u2019offerta di collegamenti TILO viene ulteriormente potenziata, garantendo per gran parte della giornata un treno ogni 30 minuti in determinate tratte. Viene comunque mantenuta fino a nuovo avviso una parziale riduzione dell\u2019offerta di trasporto pubblico. Sono sempre soppressi tutti i collegamenti transfrontalieri con l\u2019Italia. La situazione viene costantemente monitorata. I servizi TILO circolano nel seguente modo: &nbsp; RE10 (Erstfeld\u2013Bellinzona\u2013Lugano\u2013Chiasso\u2013Como\u2013Milano) Il servizio \u00e8 soppresso tra Chiasso\u2026<\/p>\n<p class=\"continue-reading-button\"> <a class=\"continue-reading-link\" href=\"https:\/\/www.ilmondodeitreni.it\/blog\/?p=11650\">Continua la lettura<i class=\"crycon-right-dir\"><\/i><\/a><\/p>\n","protected":false},"author":1,"featured_media":0,"comment_status":"open","ping_status":"open","sticky":false,"template":"","format":"standard","meta":{"footnotes":""},"categories":[2,11],"tags":[917,862,5080,7544,5,2020,237,8015,8016,8014,8013,238,37,7598],"class_list":["post-11650","post","type-post","status-publish","format-standard","hentry","category-news","category-news-estero","tag-autopostale","tag-biasca","tag-como","tag-covid-2019","tag-ferrovie","tag-malpensa","tag-mendrisio","tag-re10-erstfeld-bellinzona-lugano-chiasso-como-milano","tag-s20-airolo-biasca-bellinzona-locarno","tag-s40-varese-mendrisio-como","tag-s50-bellinzona-lugano-mendrisio-varese-malpensa","tag-stabio","tag-svizzera","tag-tilo-pigiama"],"_links":{"self":[{"href":"https:\/\/www.ilmondodeitreni.it\/blog\/index.php?rest_route=\/wp\/v2\/posts\/11650","targetHints":{"allow":["GET"]}}],"collection":[{"href":"https:\/\/www.ilmondodeitreni.it\/blog\/index.php?rest_route=\/wp\/v2\/posts"}],"about":[{"href":"https:\/\/www.ilmondodeitreni.it\/blog\/index.php?rest_route=\/wp\/v2\/types\/post"}],"author":[{"embeddable":true,"href":"https:\/\/www.ilmondodeitreni.it\/blog\/index.php?rest_route=\/wp\/v2\/users\/1"}],"replies":[{"embeddable":true,"href":"https:\/\/www.ilmondodeitreni.it\/blog\/index.php?rest_route=%2Fwp%2Fv2%2Fcomments&post=11650"}],"version-history":[{"count":1,"href":"https:\/\/www.ilmondodeitreni.it\/blog\/index.php?rest_route=\/wp\/v2\/posts\/11650\/revisions"}],"predecessor-version":[{"id":11651,"href":"https:\/\/www.ilmondodeitreni.it\/blog\/index.php?rest_route=\/wp\/v2\/posts\/11650\/revisions\/11651"}],"wp:attachment":[{"href":"https:\/\/www.ilmondodeitreni.it\/blog\/index.php?rest_route=%2Fwp%2Fv2%2Fmedia&parent=11650"}],"wp:term":[{"taxonomy":"category","embeddable":true,"href":"https:\/\/www.ilmondodeitreni.it\/blog\/index.php?rest_route=%2Fwp%2Fv2%2Fcategories&post=11650"},{"taxonomy":"post_tag","embeddable":true,"href":"https:\/\/www.ilmondodeitreni.it\/blog\/index.php?rest_route=%2Fwp%2Fv2%2Ftags&post=11650"}],"curies":[{"name":"wp","href":"https:\/\/api.w.org\/{rel}","templated":true}]}}