{"id":11546,"date":"2020-04-18T00:41:35","date_gmt":"2020-04-17T22:41:35","guid":{"rendered":"http:\/\/www.ilmondodeitreni.it\/blog\/?p=11546"},"modified":"2020-04-18T00:41:35","modified_gmt":"2020-04-17T22:41:35","slug":"ivan-yuryk-e-stato-nominato-nuovo-presidente-ad-interim-del-consiglio-di-ukrzaliznytsia","status":"publish","type":"post","link":"https:\/\/www.ilmondodeitreni.it\/blog\/?p=11546","title":{"rendered":"Ivan Yuryk \u00e8 stato nominato nuovo Presidente ad interim del Consiglio di Ukrzaliznytsia"},"content":{"rendered":"<p style=\"text-align: justify;\"><span style=\"font-size: 12pt;\"><a href=\"http:\/\/www.ilmondodeitreni.it\/blog\/wp-content\/uploads\/2020\/04\/93762790.jpg\"><img loading=\"lazy\" decoding=\"async\" class=\"alignleft size-thumbnail wp-image-11547\" src=\"http:\/\/www.ilmondodeitreni.it\/blog\/wp-content\/uploads\/2020\/04\/93762790-160x154.jpg\" alt=\"\" width=\"160\" height=\"154\" srcset=\"https:\/\/www.ilmondodeitreni.it\/blog\/wp-content\/uploads\/2020\/04\/93762790-160x154.jpg 160w, https:\/\/www.ilmondodeitreni.it\/blog\/wp-content\/uploads\/2020\/04\/93762790-500x480.jpg 500w, https:\/\/www.ilmondodeitreni.it\/blog\/wp-content\/uploads\/2020\/04\/93762790-799x768.jpg 799w, https:\/\/www.ilmondodeitreni.it\/blog\/wp-content\/uploads\/2020\/04\/93762790-768x738.jpg 768w, https:\/\/www.ilmondodeitreni.it\/blog\/wp-content\/uploads\/2020\/04\/93762790-1536x1476.jpg 1536w, https:\/\/www.ilmondodeitreni.it\/blog\/wp-content\/uploads\/2020\/04\/93762790-150x144.jpg 150w, https:\/\/www.ilmondodeitreni.it\/blog\/wp-content\/uploads\/2020\/04\/93762790.jpg 2048w\" sizes=\"auto, (max-width: 160px) 100vw, 160px\" \/><\/a>Il Consiglio dei ministri dell&#8217;Ucraina ha approvato la proposta del Consiglio di vigilanza di Ukrzaliznytsia di liberare Zhelko Marchek dalle funzioni di Presidente del Consiglio di amministrazione e di nominare Ivan Yuryk come nuovo Presidente ad interim del Consiglio di amministrazione della societ\u00e0. <\/span><span style=\"font-size: 12pt;\">Il governo ha adottato la decisione pertinente il 15 aprile 2020.&nbsp;Il consiglio di Ukrzaliznytsia accoglie con favore questa decisione che faciliter\u00e0 lo sviluppo e l&#8217;attuazione di misure urgenti per affrontare le sfide poste dalla crisi del coronavirus.<\/span><\/p>\n<p style=\"text-align: justify;\"><span style=\"font-size: 12pt;\">Ivan Yuryk \u00e8 stato nominato membro del Consiglio di vigilanza di Ukrzaliznytsia nel giugno 2018 e ha partecipato ai lavori dei comitati di strategia, finanza e audit;&nbsp;e successivamente, a giugno 2019, \u00e8 stato eletto CFO e membro del consiglio in modo competitivo.&nbsp;Da allora, \u00e8 stato responsabile della finanza strategica e degli investimenti.<\/span><\/p>\n<p style=\"text-align: justify;\"><span style=\"font-size: 12pt;\">Durante il mandato di Ivan Yurik, Ukrzaliznytsia ha notevolmente migliorato la sua posizione finanziaria e le sue prestazioni e, di conseguenza, ha ottenuto l&#8217;accesso ai mercati dei capitali internazionali a condizioni favorevoli.&nbsp;L&#8217;Organismo di Vigilanza \u00e8 fiducioso che, sotto la guida ad interim di Ivan Yurik, Ukrzaliznytsia continuer\u00e0 a prendere tutte le decisioni di gestione necessarie per mantenere la sostenibilit\u00e0 e la capacit\u00e0 finanziaria e operativa.<\/span><\/p>\n<p style=\"text-align: justify;\"><span style=\"font-size: 12pt;\">Inoltre, per prestare ulteriore attenzione alla direzione del traffico merci durante questo periodo di transizione, Roman Veprytsky \u00e8 stato nominato membro temporaneo del consiglio responsabile della verticale delle operazioni di trasporto merci.&nbsp;La direzione di Ukrzaliznytsia cerca di migliorare ulteriormente l&#8217;interazione e il dialogo dell&#8217;azienda con gli spedizionieri e comprende l&#8217;importanza di supportare l&#8217;azienda, soprattutto nelle difficili condizioni che il paese deve affrontare oggi.<\/span><\/p>\n<p style=\"text-align: justify;\"><span style=\"font-size: 12pt;\">Ivan Yuryk svolger\u00e0 le funzioni di capo dell&#8217;Ukrzaliznytsia fino alla fine della competizione per la posizione del Presidente del Consiglio della Societ\u00e0, che \u00e8 attualmente in corso, e la nomina secondo la procedura stabilita dal Presidente permanente del Consiglio della compagnia aerea statale.<\/span><\/p>\n","protected":false},"excerpt":{"rendered":"<p>Il Consiglio dei ministri dell&#8217;Ucraina ha approvato la proposta del Consiglio di vigilanza di Ukrzaliznytsia di liberare Zhelko Marchek dalle funzioni di Presidente del Consiglio di amministrazione e di nominare Ivan Yuryk come nuovo Presidente ad interim del Consiglio di amministrazione della societ\u00e0. Il governo ha adottato la decisione pertinente il 15 aprile 2020.&nbsp;Il consiglio di Ukrzaliznytsia accoglie con favore questa decisione che faciliter\u00e0 lo sviluppo e l&#8217;attuazione di misure\u2026<\/p>\n<p class=\"continue-reading-button\"> <a class=\"continue-reading-link\" href=\"https:\/\/www.ilmondodeitreni.it\/blog\/?p=11546\">Continua la lettura<i class=\"crycon-right-dir\"><\/i><\/a><\/p>\n","protected":false},"author":6,"featured_media":0,"comment_status":"open","ping_status":"open","sticky":false,"template":"","format":"standard","meta":{"footnotes":""},"categories":[11],"tags":[5,7925,7926,1128,62,285],"class_list":["post-11546","post","type-post","status-publish","format-standard","hentry","category-news-estero","tag-ferrovie","tag-ivan-yurik","tag-roman-veprytsky","tag-trasporto-merci","tag-ucraina","tag-ukrzaliznytsia"],"_links":{"self":[{"href":"https:\/\/www.ilmondodeitreni.it\/blog\/index.php?rest_route=\/wp\/v2\/posts\/11546","targetHints":{"allow":["GET"]}}],"collection":[{"href":"https:\/\/www.ilmondodeitreni.it\/blog\/index.php?rest_route=\/wp\/v2\/posts"}],"about":[{"href":"https:\/\/www.ilmondodeitreni.it\/blog\/index.php?rest_route=\/wp\/v2\/types\/post"}],"author":[{"embeddable":true,"href":"https:\/\/www.ilmondodeitreni.it\/blog\/index.php?rest_route=\/wp\/v2\/users\/6"}],"replies":[{"embeddable":true,"href":"https:\/\/www.ilmondodeitreni.it\/blog\/index.php?rest_route=%2Fwp%2Fv2%2Fcomments&post=11546"}],"version-history":[{"count":1,"href":"https:\/\/www.ilmondodeitreni.it\/blog\/index.php?rest_route=\/wp\/v2\/posts\/11546\/revisions"}],"predecessor-version":[{"id":11548,"href":"https:\/\/www.ilmondodeitreni.it\/blog\/index.php?rest_route=\/wp\/v2\/posts\/11546\/revisions\/11548"}],"wp:attachment":[{"href":"https:\/\/www.ilmondodeitreni.it\/blog\/index.php?rest_route=%2Fwp%2Fv2%2Fmedia&parent=11546"}],"wp:term":[{"taxonomy":"category","embeddable":true,"href":"https:\/\/www.ilmondodeitreni.it\/blog\/index.php?rest_route=%2Fwp%2Fv2%2Fcategories&post=11546"},{"taxonomy":"post_tag","embeddable":true,"href":"https:\/\/www.ilmondodeitreni.it\/blog\/index.php?rest_route=%2Fwp%2Fv2%2Ftags&post=11546"}],"curies":[{"name":"wp","href":"https:\/\/api.w.org\/{rel}","templated":true}]}}