{"id":11543,"date":"2020-04-18T10:45:42","date_gmt":"2020-04-18T08:45:42","guid":{"rendered":"http:\/\/www.ilmondodeitreni.it\/blog\/?p=11543"},"modified":"2020-04-17T19:49:21","modified_gmt":"2020-04-17T17:49:21","slug":"genova-ascensore-magenta-crocco-giovedi-23-aprile-partono-interventi-ammodernamento","status":"publish","type":"post","link":"https:\/\/www.ilmondodeitreni.it\/blog\/?p=11543","title":{"rendered":"Genova, ascensore Magenta \u2013 Crocco: gioved\u00ec 23 aprile partono interventi ammodernamento"},"content":{"rendered":"<p style=\"text-align: justify;\"><span style=\"font-size: 12pt;\"><a href=\"http:\/\/www.ilmondodeitreni.it\/blog\/wp-content\/uploads\/2019\/10\/avv_pericolo.jpg\"><img loading=\"lazy\" decoding=\"async\" class=\"alignleft size-thumbnail wp-image-9886\" src=\"http:\/\/www.ilmondodeitreni.it\/blog\/wp-content\/uploads\/2019\/10\/avv_pericolo-160x140.jpg\" alt=\"\" width=\"160\" height=\"140\" srcset=\"https:\/\/www.ilmondodeitreni.it\/blog\/wp-content\/uploads\/2019\/10\/avv_pericolo-160x140.jpg 160w, https:\/\/www.ilmondodeitreni.it\/blog\/wp-content\/uploads\/2019\/10\/avv_pericolo-549x480.jpg 549w, https:\/\/www.ilmondodeitreni.it\/blog\/wp-content\/uploads\/2019\/10\/avv_pericolo-768x672.jpg 768w, https:\/\/www.ilmondodeitreni.it\/blog\/wp-content\/uploads\/2019\/10\/avv_pericolo-171x150.jpg 171w, https:\/\/www.ilmondodeitreni.it\/blog\/wp-content\/uploads\/2019\/10\/avv_pericolo-640x560.jpg 640w, https:\/\/www.ilmondodeitreni.it\/blog\/wp-content\/uploads\/2019\/10\/avv_pericolo-150x131.jpg 150w, https:\/\/www.ilmondodeitreni.it\/blog\/wp-content\/uploads\/2019\/10\/avv_pericolo.jpg 800w\" sizes=\"auto, (max-width: 160px) 100vw, 160px\" \/><\/a>Prosegue il piano strategico di intervento e rinnovamento degli impianti verticali di AMT. Dopo le grandi attivit\u00e0 di revisione che hanno visto coinvolti gli ascensori di Castelletto Ponente, Levante e Manin\/Contardo, tuttora in corso, \u00e8 ora la volta dell\u2019impianto&nbsp;<strong>Magenta\/Crocco<\/strong>. L\u2019<strong>ascensore<\/strong>&nbsp;ha raggiunto i 30 di vita tecnica e, come previsto obbligatoriamente dalla normativa, deve essere sottoposto a importanti lavori di ammodernamento che prevedono la sostituzione di tutte le strutture e di tutte le parti in movimento. Pertanto,&nbsp;<strong>da gioved\u00ec 23 aprile<\/strong>, l&#8217;impianto sar\u00e0 chiuso.<\/span><\/p>\n<p style=\"text-align: justify;\"><span style=\"font-size: 12pt;\">L\u2019ascensore Magenta Crocco ha iniziato il suo servizio al pubblico nel 1933 e l\u2019ultima revisione di fine vita tecnica \u00e8 stata nel 1989\/90.<\/span><\/p>\n<p style=\"text-align: justify;\"><span style=\"font-size: 12pt;\">Gli interventi che dovranno essere realizzati nei prossimi mesi sono diversi e complessi: saranno eseguiti lavori edili, elettrici e di impianto per la realizzazione di una nuova coppia di ascensori. Di seguito vengono descritte le attivit\u00e0 pi\u00f9 significative.<\/span><\/p>\n<p style=\"text-align: justify;\"><span style=\"font-size: 12pt;\"><strong>Attivit\u00e0 impiantistica<\/strong><\/span><\/p>\n<p style=\"text-align: justify;\"><span style=\"font-size: 12pt;\">L\u2019attivit\u00e0 impiantistica prevede la rimozione completa e la sostituzione di argani, cabine, contrappesi ed altre parti in movimento. In particolare verranno:<\/span><\/p>\n<ul style=\"text-align: justify;\">\n<li><span style=\"font-size: 12pt;\">sostituiti il quadro elettrico di comando e le linee elettriche dell&#8217;impianto;<\/span><\/li>\n<li><span style=\"font-size: 12pt;\">adeguati i dispositivi di sicurezza previsti dalla normativa;<\/span><\/li>\n<li><span style=\"font-size: 12pt;\">installato un nuovo sistema di monitoraggio dell&#8217;impianto per la diagnostica di funzionamento dell&#8217;ascensore;<\/span><\/li>\n<li><span style=\"font-size: 12pt;\">realizzate nuove pulsantiere e indicatori di piano.<\/span><\/li>\n<\/ul>\n<p style=\"text-align: justify;\"><span style=\"font-size: 12pt;\"><strong>Attivit\u00e0 edile<\/strong><\/span><\/p>\n<p style=\"text-align: justify;\"><span style=\"font-size: 12pt;\">L\u2019attivit\u00e0 edile che verr\u00e0 realizzata consister\u00e0 in verifiche e interventi strutturali sulle opere civili, sulle carpenterie e sulle strutture del vano corsa.<\/span><\/p>\n<p style=\"text-align: justify;\"><span style=\"font-size: 12pt;\">Data la complessit\u00e0 degli interventi, le attivit\u00e0 di cantiere dureranno alcuni mesi; il risultato finale sar\u00e0&nbsp;<strong>un ascensore pi\u00f9 moderno, rinnovato nelle sue strutture e adeguato ai pi\u00f9 recenti standard di sicurezza previsti dalla normativa. Pronto per altri 30 anni di servizio alla citt\u00e0.<\/strong><\/span><\/p>\n<p style=\"text-align: justify;\"><span style=\"font-size: 12pt;\"><strong>&nbsp;<\/strong>Regolari aggiornamenti sull\u2019andamento dei lavori e sulle tempistiche saranno pubblicati sul sito&nbsp;<strong><a href=\"http:\/\/www.amt.genova.it\/\">www.amt.genova.it<\/a><\/strong>&nbsp;e comunicati alla cittadinanza.<\/span><\/p>\n","protected":false},"excerpt":{"rendered":"<p>Prosegue il piano strategico di intervento e rinnovamento degli impianti verticali di AMT. Dopo le grandi attivit\u00e0 di revisione che hanno visto coinvolti gli ascensori di Castelletto Ponente, Levante e Manin\/Contardo, tuttora in corso, \u00e8 ora la volta dell\u2019impianto&nbsp;Magenta\/Crocco. L\u2019ascensore&nbsp;ha raggiunto i 30 di vita tecnica e, come previsto obbligatoriamente dalla normativa, deve essere sottoposto a importanti lavori di ammodernamento che prevedono la sostituzione di tutte le strutture e di\u2026<\/p>\n<p class=\"continue-reading-button\"> <a class=\"continue-reading-link\" href=\"https:\/\/www.ilmondodeitreni.it\/blog\/?p=11543\">Continua la lettura<i class=\"crycon-right-dir\"><\/i><\/a><\/p>\n","protected":false},"author":13,"featured_media":0,"comment_status":"open","ping_status":"open","sticky":false,"template":"","format":"standard","meta":{"footnotes":""},"categories":[2],"tags":[124,7923,41,7924,69],"class_list":["post-11543","post","type-post","status-publish","format-standard","hentry","category-news","tag-amt","tag-ascensore-magenta-crocco","tag-genova","tag-impianti-verticali","tag-mobilita"],"_links":{"self":[{"href":"https:\/\/www.ilmondodeitreni.it\/blog\/index.php?rest_route=\/wp\/v2\/posts\/11543","targetHints":{"allow":["GET"]}}],"collection":[{"href":"https:\/\/www.ilmondodeitreni.it\/blog\/index.php?rest_route=\/wp\/v2\/posts"}],"about":[{"href":"https:\/\/www.ilmondodeitreni.it\/blog\/index.php?rest_route=\/wp\/v2\/types\/post"}],"author":[{"embeddable":true,"href":"https:\/\/www.ilmondodeitreni.it\/blog\/index.php?rest_route=\/wp\/v2\/users\/13"}],"replies":[{"embeddable":true,"href":"https:\/\/www.ilmondodeitreni.it\/blog\/index.php?rest_route=%2Fwp%2Fv2%2Fcomments&post=11543"}],"version-history":[{"count":1,"href":"https:\/\/www.ilmondodeitreni.it\/blog\/index.php?rest_route=\/wp\/v2\/posts\/11543\/revisions"}],"predecessor-version":[{"id":11544,"href":"https:\/\/www.ilmondodeitreni.it\/blog\/index.php?rest_route=\/wp\/v2\/posts\/11543\/revisions\/11544"}],"wp:attachment":[{"href":"https:\/\/www.ilmondodeitreni.it\/blog\/index.php?rest_route=%2Fwp%2Fv2%2Fmedia&parent=11543"}],"wp:term":[{"taxonomy":"category","embeddable":true,"href":"https:\/\/www.ilmondodeitreni.it\/blog\/index.php?rest_route=%2Fwp%2Fv2%2Fcategories&post=11543"},{"taxonomy":"post_tag","embeddable":true,"href":"https:\/\/www.ilmondodeitreni.it\/blog\/index.php?rest_route=%2Fwp%2Fv2%2Ftags&post=11543"}],"curies":[{"name":"wp","href":"https:\/\/api.w.org\/{rel}","templated":true}]}}