{"id":11469,"date":"2020-04-04T22:32:46","date_gmt":"2020-04-04T20:32:46","guid":{"rendered":"http:\/\/www.ilmondodeitreni.it\/blog\/?p=11469"},"modified":"2020-04-04T22:32:46","modified_gmt":"2020-04-04T20:32:46","slug":"via-libera-al-partenariato-le-ffs-accolgono-con-favore-la-decisione-della-comco","status":"publish","type":"post","link":"https:\/\/www.ilmondodeitreni.it\/blog\/?p=11469","title":{"rendered":"Via libera al partenariato: Le FFS accolgono con favore la decisione della COMCO"},"content":{"rendered":"<p style=\"text-align: justify;\"><span style=\"font-size: 12pt;\"><a href=\"http:\/\/www.ilmondodeitreni.it\/blog\/wp-content\/uploads\/2014\/11\/RBe540056_zurich.jpg\"><img loading=\"lazy\" decoding=\"async\" class=\"alignleft size-thumbnail wp-image-432\" src=\"http:\/\/www.ilmondodeitreni.it\/blog\/wp-content\/uploads\/2014\/11\/RBe540056_zurich-150x150.jpg\" alt=\"\" width=\"150\" height=\"150\"\/><\/a>In data odierna la Commissione della concorrenza (COMCO) ha dato il via libera alla partecipazione azionaria della Swiss Combi AG nella FFS Cargo SA. Il presupposto giuridico per il partenariato \u00e8 ora dato: i fornitori di servizi logistici Planzer, Camion-Transport, Galliker e Bertschi acquisiscono complessivamente il 35 percento dell\u2019impresa di trasporto merci leader in Svizzera.<\/span><br \/>\n<span style=\"font-size: 12pt;\">Le FFS accolgono con favore la decisione della Commissione della concorrenza e vedono confermata la propria convinzione secondo cui il partenariato rafforzer\u00e0 in modo duraturo la FFS Cargo SA soprattutto nel traffico a carri sistematico e nel traffico combinato. Questa strategia consolider\u00e0 la competitivit\u00e0 della ferrovia nella catena logistica della fornitura dei clienti e consentir\u00e0 di impiegare i diversi sistemi di trasporto secondo i loro punti di forza. La ferrovia merci continuer\u00e0 a fornire servizi nella catena logistica della fornitura di tutti i clienti esistenti, puntando al contempo ad acquisirne di nuovi e ad aumentare lo sfruttamento delle capacit\u00e0 ferroviarie. L\u2019obiettivo \u00e8 di aumentare ulteriormente affidabilit\u00e0 ed efficienza.<\/span><\/p>\n<p style=\"text-align: justify;\"><span style=\"font-size: 12pt;\">La Swiss Combi AG \u2013 composta dai fornitori di servizi logistici Planzer Holding AG (40%), Camion-Transport SA (40%), Bertschi AG (10%) e Galliker Holding AG (10%) \u2013 rilever\u00e0 il 35 percento delle azioni della FFS Cargo SA. L\u2019azionista di maggioranza rimane la FFS SA con una quota del 65 percento. Ora che le autorit\u00e0 garanti della concorrenza hanno dato la propria approvazione, la SBB Cargo International SA sar\u00e0 scorporata dalla FFS Cargo SA e posta sotto il controllo diretto della FFS SA.<\/span><\/p>\n<p style=\"text-align: justify;\"><span style=\"font-size: 12pt;\">Eric Grob presidente del Consiglio d\u2019amministrazione; FFS SA e Swiss Combi AG avranno due rappresentanti ciascuna.<\/span><br \/>\n<span style=\"font-size: 12pt;\">Da inizio 2019 la ferrovia merci \u00e8 gestita come societ\u00e0 indipendente del Gruppo FFS dal Consiglio d\u2019amministrazione di FFS Cargo Svizzera, presupposto imprescindibile per una partecipazione azionaria. Con l\u2019assemblea generale di fine aprile 2020, il Consiglio d\u2019amministrazione sar\u00e0 ricostituito e conter\u00e0 a quel punto cinque membri: Eric Grob, membro indipendente del Consiglio d\u2019amministrazione, assumer\u00e0 la carica di presidente, il CFO delle FFS Christoph Hammer si riconferma nel Consiglio d\u2019amministrazione e Nicolas Perrin subentrer\u00e0 all\u2019ex CEO delle FFS Andreas Meyer. Analogamente, la Swiss Combi AG avr\u00e0 anch\u2019essa due membri nel Consiglio, Nils Planzer e Josef J\u00e4ger. La nuova CEO della FFS Cargo SA, D\u00e9sir\u00e9e Baer, \u00e8 entrata in carica il 1\u00b0 marzo dopo un programma introduttivo di un mese.<\/span><\/p>\n","protected":false},"excerpt":{"rendered":"<p>In data odierna la Commissione della concorrenza (COMCO) ha dato il via libera alla partecipazione azionaria della Swiss Combi AG nella FFS Cargo SA. Il presupposto giuridico per il partenariato \u00e8 ora dato: i fornitori di servizi logistici Planzer, Camion-Transport, Galliker e Bertschi acquisiscono complessivamente il 35 percento dell\u2019impresa di trasporto merci leader in Svizzera. Le FFS accolgono con favore la decisione della Commissione della concorrenza e vedono confermata la\u2026<\/p>\n<p class=\"continue-reading-button\"> <a class=\"continue-reading-link\" href=\"https:\/\/www.ilmondodeitreni.it\/blog\/?p=11469\">Continua la lettura<i class=\"crycon-right-dir\"><\/i><\/a><\/p>\n","protected":false},"author":2,"featured_media":0,"comment_status":"open","ping_status":"open","sticky":false,"template":"","format":"standard","meta":{"footnotes":""},"categories":[11],"tags":[7848,7847,7851,7853,7852,7845,5,7844,7849,357,7846,7850,7695],"class_list":["post-11469","post","type-post","status-publish","format-standard","hentry","category-news-estero","tag-bertschi-ag","tag-camion-transport-sa","tag-christoph-hammer","tag-commissione-della-concorrenza","tag-desiree-baer","tag-eric-grob","tag-ferrovie","tag-ffs-cargo-svizzera","tag-galliker-holding-ag","tag-nicolas-perrin","tag-planzer-holding-ag","tag-sbb-cargo-international-sa","tag-swiss-combi-ag"],"_links":{"self":[{"href":"https:\/\/www.ilmondodeitreni.it\/blog\/index.php?rest_route=\/wp\/v2\/posts\/11469","targetHints":{"allow":["GET"]}}],"collection":[{"href":"https:\/\/www.ilmondodeitreni.it\/blog\/index.php?rest_route=\/wp\/v2\/posts"}],"about":[{"href":"https:\/\/www.ilmondodeitreni.it\/blog\/index.php?rest_route=\/wp\/v2\/types\/post"}],"author":[{"embeddable":true,"href":"https:\/\/www.ilmondodeitreni.it\/blog\/index.php?rest_route=\/wp\/v2\/users\/2"}],"replies":[{"embeddable":true,"href":"https:\/\/www.ilmondodeitreni.it\/blog\/index.php?rest_route=%2Fwp%2Fv2%2Fcomments&post=11469"}],"version-history":[{"count":1,"href":"https:\/\/www.ilmondodeitreni.it\/blog\/index.php?rest_route=\/wp\/v2\/posts\/11469\/revisions"}],"predecessor-version":[{"id":11470,"href":"https:\/\/www.ilmondodeitreni.it\/blog\/index.php?rest_route=\/wp\/v2\/posts\/11469\/revisions\/11470"}],"wp:attachment":[{"href":"https:\/\/www.ilmondodeitreni.it\/blog\/index.php?rest_route=%2Fwp%2Fv2%2Fmedia&parent=11469"}],"wp:term":[{"taxonomy":"category","embeddable":true,"href":"https:\/\/www.ilmondodeitreni.it\/blog\/index.php?rest_route=%2Fwp%2Fv2%2Fcategories&post=11469"},{"taxonomy":"post_tag","embeddable":true,"href":"https:\/\/www.ilmondodeitreni.it\/blog\/index.php?rest_route=%2Fwp%2Fv2%2Ftags&post=11469"}],"curies":[{"name":"wp","href":"https:\/\/api.w.org\/{rel}","templated":true}]}}