{"id":11248,"date":"2020-03-11T05:02:07","date_gmt":"2020-03-11T04:02:07","guid":{"rendered":"http:\/\/www.ilmondodeitreni.it\/blog\/?p=11248"},"modified":"2020-03-10T22:03:58","modified_gmt":"2020-03-10T21:03:58","slug":"ffs-traffico-merci-aumento-della-puntualita-e-risultato-nuovamente-in-pareggio","status":"publish","type":"post","link":"https:\/\/www.ilmondodeitreni.it\/blog\/?p=11248","title":{"rendered":"FFS, traffico merci: aumento della puntualit\u00e0 e risultato nuovamente in pareggio"},"content":{"rendered":"<p style=\"text-align: justify;\"><span style=\"font-size: 12pt;\"><a href=\"http:\/\/www.ilmondodeitreni.it\/blog\/wp-content\/uploads\/2016\/12\/ffs_15439895.jpg\"><img loading=\"lazy\" decoding=\"async\" class=\"alignleft size-thumbnail wp-image-5112\" src=\"http:\/\/www.ilmondodeitreni.it\/blog\/wp-content\/uploads\/2016\/12\/ffs_15439895-160x91.jpg\" alt=\"\" width=\"160\" height=\"91\" srcset=\"https:\/\/www.ilmondodeitreni.it\/blog\/wp-content\/uploads\/2016\/12\/ffs_15439895-160x91.jpg 160w, https:\/\/www.ilmondodeitreni.it\/blog\/wp-content\/uploads\/2016\/12\/ffs_15439895.jpg 640w, https:\/\/www.ilmondodeitreni.it\/blog\/wp-content\/uploads\/2016\/12\/ffs_15439895-250x141.jpg 250w, https:\/\/www.ilmondodeitreni.it\/blog\/wp-content\/uploads\/2016\/12\/ffs_15439895-300x170.jpg 300w, https:\/\/www.ilmondodeitreni.it\/blog\/wp-content\/uploads\/2016\/12\/ffs_15439895-150x85.jpg 150w\" sizes=\"auto, (max-width: 160px) 100vw, 160px\" \/><\/a>Nel 2019 FFS Cargo ha incrementato la puntualit\u00e0 (91,9 punti, +2,5 percento), effettuato notevoli investimenti nella qualit\u00e0 e garantito una maggiore flessibilit\u00e0 nell\u2019offerta grazie a soluzioni personalizzate che hanno permesso di dare riscontro alle esigenze dei clienti. In questo modo pu\u00f2 fornire un servizio migliore in grado di rispondere a richieste specifiche. Si chiama Swiss Combi AG ed \u00e8 il nuovo partner scelto dalle FFS per FFS Cargo SA: la societ\u00e0 \u00e8 convinta del modello aziendale della ferrovia merci ed \u00e8 pronta a impegnarsi per uno sviluppo congiunto del traffico merci in Svizzera. L\u2019azionista di maggioranza rimane la FFS SA, con una quota del 65 percento. La conclusione dell\u2019operazione \u00e8 subordinata all\u2019autorizzazione dell\u2019autorit\u00e0 garante della concorrenza. La decisione \u00e8 attesa per la primavera 2020. Il risultato del traffico merci si attesta a CHF 3,0 mio. FFS Cargo Svizzera ha raggiunto il pareggio anche grazie a effetti straordinari una tantum, come lo scioglimento di accantonamenti. Il risultato di SBB Cargo International si attesta, invece, a CHF 5,5 mio. Sensibilmente diminuita rispetto a quanto pianificato originariamente con i clienti \u00e8 in particolare la domanda nei settori dell\u2019acciaio e della chimica, che ha subito un calo determinato da un cambiamento strutturale nel settore automobilistico.<\/span><\/p>\n<h2>&nbsp;<\/h2>\n","protected":false},"excerpt":{"rendered":"<p>Nel 2019 FFS Cargo ha incrementato la puntualit\u00e0 (91,9 punti, +2,5 percento), effettuato notevoli investimenti nella qualit\u00e0 e garantito una maggiore flessibilit\u00e0 nell\u2019offerta grazie a soluzioni personalizzate che hanno permesso di dare riscontro alle esigenze dei clienti. In questo modo pu\u00f2 fornire un servizio migliore in grado di rispondere a richieste specifiche. Si chiama Swiss Combi AG ed \u00e8 il nuovo partner scelto dalle FFS per FFS Cargo SA: la\u2026<\/p>\n<p class=\"continue-reading-button\"> <a class=\"continue-reading-link\" href=\"https:\/\/www.ilmondodeitreni.it\/blog\/?p=11248\">Continua la lettura<i class=\"crycon-right-dir\"><\/i><\/a><\/p>\n","protected":false},"author":12,"featured_media":0,"comment_status":"open","ping_status":"open","sticky":false,"template":"","format":"standard","meta":{"footnotes":""},"categories":[11],"tags":[1100,355,37,7695],"class_list":["post-11248","post","type-post","status-publish","format-standard","hentry","category-news-estero","tag-ferrovia","tag-ffs-cargo","tag-svizzera","tag-swiss-combi-ag"],"_links":{"self":[{"href":"https:\/\/www.ilmondodeitreni.it\/blog\/index.php?rest_route=\/wp\/v2\/posts\/11248","targetHints":{"allow":["GET"]}}],"collection":[{"href":"https:\/\/www.ilmondodeitreni.it\/blog\/index.php?rest_route=\/wp\/v2\/posts"}],"about":[{"href":"https:\/\/www.ilmondodeitreni.it\/blog\/index.php?rest_route=\/wp\/v2\/types\/post"}],"author":[{"embeddable":true,"href":"https:\/\/www.ilmondodeitreni.it\/blog\/index.php?rest_route=\/wp\/v2\/users\/12"}],"replies":[{"embeddable":true,"href":"https:\/\/www.ilmondodeitreni.it\/blog\/index.php?rest_route=%2Fwp%2Fv2%2Fcomments&post=11248"}],"version-history":[{"count":1,"href":"https:\/\/www.ilmondodeitreni.it\/blog\/index.php?rest_route=\/wp\/v2\/posts\/11248\/revisions"}],"predecessor-version":[{"id":11249,"href":"https:\/\/www.ilmondodeitreni.it\/blog\/index.php?rest_route=\/wp\/v2\/posts\/11248\/revisions\/11249"}],"wp:attachment":[{"href":"https:\/\/www.ilmondodeitreni.it\/blog\/index.php?rest_route=%2Fwp%2Fv2%2Fmedia&parent=11248"}],"wp:term":[{"taxonomy":"category","embeddable":true,"href":"https:\/\/www.ilmondodeitreni.it\/blog\/index.php?rest_route=%2Fwp%2Fv2%2Fcategories&post=11248"},{"taxonomy":"post_tag","embeddable":true,"href":"https:\/\/www.ilmondodeitreni.it\/blog\/index.php?rest_route=%2Fwp%2Fv2%2Ftags&post=11248"}],"curies":[{"name":"wp","href":"https:\/\/api.w.org\/{rel}","templated":true}]}}